{"id":1070,"date":"2020-10-16T11:24:46","date_gmt":"2020-10-16T09:24:46","guid":{"rendered":"https:\/\/new.skamex.com.pl\/historia-rekawiczek-medycznych"},"modified":"2025-05-12T12:48:51","modified_gmt":"2025-05-12T10:48:51","slug":"historia-rekawiczek-medycznych","status":"publish","type":"post","link":"https:\/\/www.skamex.com.pl\/blog\/rekawice\/historia-rekawiczek-medycznych","title":{"rendered":"Historia r\u0119kawiczek medycznych"},"content":{"rendered":"<p class=\" eplus-wrapper eplus-styles-uid-24b8d8\"><em>R\u0119kaw\u00adicz\u00adki ochronne s\u0105 powszech\u00adnie dost\u0119p\u00adne, a ich stosowanie pod\u00adczas medy\u00adcznych czyn\u00adno\u015b\u00adci jest wyma\u00adgane stan\u00addar\u00add\u00ada\u00admi i pro\u00adce\u00addu\u00adra\u00admi. Ale nie zawsze tak by\u0142o, a his\u00adto\u00adria r\u0119kaw\u00adiczek i wsp\u00f3\u0142czes\u00adnej asep\u00adty\u00adki si\u0119\u00adga niewiele pon\u00adad 130 lat wstecz [1] \u2013 z punk\u00adtu widzenia his\u00adtorii medy\u00adcyny to naprawd\u0119 niewiele. Jak si\u0119 upowszech\u00adni\u0142y, kto je rozpropagowa\u0142 i jak wygl\u0105\u00adda\u0142a his\u00adto\u00adria r\u0119kaw\u00adiczek medy\u00adcznych? Oto gar\u015b\u0107 cieka\u00adwostek na ten tem\u00adat.<\/em><\/p>\n\n\n<h4 class=\"wp-block-heading eplus-wrapper\"><strong>Kto wymy\u015bli\u0142 r\u0119kawiczki ochronne<\/strong><strong> na potrzeby medycyny?<\/strong><\/h4>\n\n\n<p class=\" eplus-wrapper eplus-styles-uid-24b8d8\">Tech\u00adni\u00adki asep\u00adty\u00adki i anty\u00adsep\u00adty\u00adki towarzysz\u0105ce zabiegom chirur\u00adgicznym zosta\u0142y przyj\u0119te w XIX wieku, jed\u00adnak konieczno\u015b\u0107 stosowa\u00adnia r\u0119kaw\u00adiczek i masek ochron\u00adnych nie zosta\u0142a wprowad\u00adzona od razu. Zmi\u00adany zachodz\u00adi\u0142y stop\u00adniowo w miar\u0119 upowszech\u00adni\u00ada\u00adnia \u015brod\u00adk\u00f3w ochrony oso\u00adbis\u00adtej i zwi\u0119k\u00adsza\u00adnia \u015bwiado\u00admo\u015b\u00adci spo\u0142ecznej w tym zakre\u00adsie [2].<\/p>\n\n<p class=\" eplus-wrapper eplus-styles-uid-24b8d8\">Pier\u00adwsze zas\u00adtosowanie r\u0119kaw\u00adiczek (wtedy jeszcze sk\u00f3rzanych), na kt\u00f3re wskazu\u00adj\u0105 \u017ar\u00f3d\u0142a, mia\u0142o miejsce w 1758 roku, gdy dr <strong>Johann Wald\u00adbaum<\/strong> (1724\u20131799) u\u017cy\u0142 ich do obro\u00adtu p\u0142o\u00addu pod\u00adczas zabiegu gineko\u00adlog\u00adicznego [2]. Pocz\u0105tkowo u\u017cy\u00adcie r\u0119kaw\u00adic mia\u0142o chroni\u0107 przede wszys\u00adtkim lekarza przed bru\u00addem i krwi\u0105, nie posi\u00adadano wiedzy na tem\u00adat przy\u00adczyn zaka\u017ce\u0144, dlat\u00adego nie bra\u00adno pod uwag\u0119 dobra pac\u00adjen\u00adta. W\u015br\u00f3d lekarzy pos\u00adtu\u00adlu\u00adj\u0105\u00adcych za nosze\u00adniem takiej ochrony, zna\u00adj\u00addowa\u0142 si\u0119 wiede\u0144s\u00adki der\u00adma\u00adtolog <strong>Joseph Plenk<\/strong> (1739\u20131807), sug\u00aderowa\u0142 on, \u017ce r\u0119kaw\u00adicz\u00adki mog\u0105 by\u0107 u\u017cy\u00adwane pro\u00adfi\u00adlak\u00adty\u00adcznie, chroni\u0105c przed zaka\u017ce\u00adniem r\u0105k. Z dost\u0119p\u00adnych \u017ar\u00f3de\u0142 wiado\u00admo te\u017c, \u017ce dr<strong> Ignac Sem\u00admel\u00adweiss<\/strong> (1818\u20131865) u\u017cy\u00adwa\u0142 r\u0119kaw\u00adiczek do bada\u00adnia gineko\u00adlog\u00adicznego [1].<\/p>\n\n<p class=\" eplus-wrapper eplus-styles-uid-24b8d8\">Po tym, jak Charles Goodyear w 1839 roku wynalaz\u0142 tech\u00adnologi\u0119 pro\u00addukcji gumy, a w 1844 opaten\u00adtowa\u0142 pro\u00adces wulka\u00adniza\u00adcji, mo\u017cli\u00adwa sta\u0142a si\u0119 masowa pro\u00addukc\u00adja gumowych pro\u00adduk\u00adt\u00f3w, w tym r\u0119kaw\u00adiczek.<\/p>\n\n<p class=\" eplus-wrapper eplus-styles-uid-24b8d8\">Pier\u00adwsze naukowe doniesienia o zale\u00adtach z ochrony r\u0105k pochodz\u0105 z po\u0142owy XIX wieku. W 1848 roku ang\u00adiel\u00ads\u00adki lekarz <strong>William Acton<\/strong> wys\u00adtosowa\u0142 doku\u00adment o korzy\u015b\u00adci\u00adach wynika\u00adj\u0105\u00adcych z u\u017cy\u00adcia gumowych r\u0119kaw\u00adiczek w prak\u00adtyce lekarskiej; jed\u00adnak poniewa\u017c pos\u00adtu\u00adlat ten by\u0142 skierowany do lekarzy wykonu\u00adj\u0105\u00adcych sekc\u00adje zw\u0142ok, nie zosta\u0142 rozpowszech\u00adniony w\u015br\u00f3d przed\u00adstaw\u00adicieli innych dyscy\u00adplin medy\u00adcznych [2].<\/p>\n\n\n<h4 class=\"wp-block-heading eplus-wrapper\"><strong>R\u0119kawiczki \u2013 historia <\/strong><strong>najnowsza. Od uczulenia do ochrony<\/strong><\/h4>\n\n\n<div class=\"wp-block-image\">\n<figure class=\"alignleft size-large is-resized eplus-wrapper\"><a href=\"https:\/\/pl.wikipedia.org\/wiki\/William_Halsted\"><img fetchpriority=\"high\" decoding=\"async\" width=\"737\" height=\"1024\" src=\"https:\/\/www.skamex.com.pl\/wp-content\/uploads\/2024\/05\/WilliamHalsted-737x1024.jpg\" alt class=\"wp-image-9956\" style=\"width:286px;height:auto\" srcset=\"https:\/\/www.skamex.com.pl\/wp-content\/uploads\/2024\/05\/WilliamHalsted-737x1024.jpg 737w, https:\/\/www.skamex.com.pl\/wp-content\/uploads\/2024\/05\/WilliamHalsted-216x300.jpg 216w, https:\/\/www.skamex.com.pl\/wp-content\/uploads\/2024\/05\/WilliamHalsted-768x1067.jpg 768w, https:\/\/www.skamex.com.pl\/wp-content\/uploads\/2024\/05\/WilliamHalsted-9x12.jpg 9w, https:\/\/www.skamex.com.pl\/wp-content\/uploads\/2024\/05\/WilliamHalsted.jpg 1017w\" sizes=\"(max-width: 737px) 100vw, 737px\"><\/a><\/figure>\n<\/div>\n\n<p class=\" eplus-wrapper eplus-styles-uid-24b8d8\">Nad tym, kto wymy\u015bli\u0142 r\u0119kaw\u00adicz\u00adki ochronne i kto je upowszech\u00adni\u0142, mo\u017c\u00adna speku\u00adlowa\u0107, gdy\u017c niewiele wiado\u00admo. Za pop\u00adu\u00adlaryza\u00adto\u00adra gumowych r\u0119kaw\u00adiczek do chirurgii uznawany jest <strong><a href=\"https:\/\/pl.wikipedia.org\/wiki\/William_Halsted\">William Stew\u00adart Hal\u00adst\u00aded,<\/a><\/strong> pro\u00adfe\u00adsor chirurgii w John Hop\u00adkins Hos\u00adpi\u00adtal w Bal\u00adti\u00admore. W rapor\u00adtach z dzi\u00ada\u0142al\u00adno\u015b\u00adci pisa\u0142, \u017ce jego instru\u00admen\u00adtar\u00adiusz\u00adka oraz asys\u00adten\u00adci u\u017cy\u00adwali w trak\u00adcie oper\u00adacji r\u0119kaw\u00adiczek gumowych w celu ochrony przed uczu\u00adle\u00adniowym dzi\u00ada\u0142aniem fenolu stosowanego jako anty\u00adsep\u00adtyk. Wiado\u00admo te\u017c, \u017ce dr Hunter Robb w podr\u0119czniku na tem\u00adat asep\u00adty\u00adki r\u00f3wnie\u017c zale\u00adca\u0142 tego rodza\u00adju ochron\u0119.<\/p>\n\n<p class=\" eplus-wrapper eplus-styles-uid-24b8d8\">&nbsp;Z biegiem cza\u00adsu r\u0119kaw\u00adicz\u00adki sta\u0142y si\u0119 coraz szerzej stosowane, ale his\u00adto\u00adria r\u0119kaw\u00adiczek medy\u00adcznych na tym wcale si\u0119 nie ko\u0144czy. Nawet pod koniec XIX wieku chirur\u00addzy nadal nie stosowali ich rutynowo. Dopiero gdy w 1894 roku lip\u00ads\u00adki chirurg <strong>Bernard Koen\u00ading<\/strong> og\u0142osi\u0142 w swo\u00adjej pra\u00adcy medy\u00adcznej, \u017ce samo prze\u00add\u00adop\u00ader\u00ada\u00adcyjne mycie r\u0105k nie wystar\u00adcza do ich dezyn\u00adfekcji, zacz\u0119\u00adto coraz cz\u0119\u015b\u00adciej ich u\u017cy\u00adwa\u0107, cho\u0107 i tak apel nie zosta\u0142 przyj\u0119\u00adty przez ca\u0142e \u015brodowisko [2].<\/p>\n\n<p class=\" eplus-wrapper eplus-styles-uid-24b8d8\">W Europie za prop\u00ada\u00adga\u00adto\u00adra stosowa\u00adnia tego typu \u015brod\u00adk\u00f3w ochrony oso\u00adbis\u00adtej uwa\u017ca si\u0119 <strong>Wern\u00adera Zoege-Man\u00adteuf\u00adfla <\/strong>(1857\u20131926) chirur\u00adga z Dor\u00adpatu. Ostate\u00adczne rozpowszech\u00adnie\u00adnie stosowa\u00adnia r\u0119kaw\u00adiczek w prak\u00adtyce medy\u00adcznej nast\u0105pi\u0142o w cza\u00adsie I wojny \u015bwia\u00adtowej. W okre\u00adsie II wojny \u015bwia\u00adtowej <strong>udoskon\u00adalono pro\u00addukcj\u0119 i steryl\u00adiza\u00adcj\u0119 gumowych r\u0119kaw\u00adic lekars\u00adkich<\/strong>. Nieste\u00adty po wojnie nast\u0105pi\u0142o znaczne zubo\u017ce\u00adnie gospo\u00addar\u00adki na ca\u0142ym \u015bwiecie, a prob\u00adle\u00admy pro\u00adduk\u00adcyjne spraw\u00adi\u0142y, \u017ce dost\u0119p\u00adno\u015b\u0107 tych pro\u00adduk\u00adt\u00f3w spad\u0142a. Bra\u00adki r\u0119kaw\u00adiczek zmusza\u00ad\u0142y per\u00adson\u00adel medy\u00adczny do ich wielokrot\u00adnego u\u017cy\u00adwa\u00adnia, w wyniku czego okaza\u00ad\u0142o si\u0119, \u017ce doty\u00adchcza\u00adsowe rozwi\u0105za\u00adnia mia\u0142y wiele wad; zaowocow\u00ada\u0142o to mi\u0119dzy inny\u00admi zmi\u00adan\u0105 tech\u00adnologii pro\u00addukcji i ulep\u00adsze\u00adniem r\u0119kaw\u00adiczek.<\/p>\n\n\n<h4 class=\"wp-block-heading eplus-wrapper\"><strong>R\u0119kawiczki \u2013 historia<\/strong><strong> a przysz\u0142o\u015b\u0107<\/strong><\/h4>\n\n\n<p class=\" eplus-wrapper eplus-styles-uid-24b8d8\">Obec\u00adnie z dost\u0119p\u00adno\u015b\u00adci\u0105 r\u0119kaw\u00adiczek nie ma prob\u00adle\u00admu i stanow\u00adi\u0105 one pod\u00adsta\u00adwowy ele\u00adment odzie\u017cy ochron\u00adnej w prak\u00adtyce medy\u00adcznej. Dostrze\u00adgal\u00adny jest rozw\u00f3j nowych p\u00f3l zain\u00adtere\u00adsowa\u0144 badaczy, obe\u00adj\u00admu\u00adj\u0105\u00adcych: <u>ogranicze\u00adnie ryzy\u00adka zaka\u017ce\u0144 szpi\u00adtal\u00adnych u pac\u00adjen\u00adt\u00f3w, bez\u00adpiecze\u0144st\u00adwo per\u00adson\u00adelu, jako\u015b\u0107 r\u0119kaw\u00adiczek ze wzgl\u0119\u00addu na zas\u00adtosowane mate\u00adri\u00ada\u0142y oraz czys\u00adto\u015b\u0107 mikro\u00adbi\u00ado\u00adlog\u00adicz\u00adna i zawarto\u015b\u0107 potenc\u00adjal\u00adnie szkodli\u00adwych sub\u00adstancji w mate\u00adri\u00ada\u0142ach<\/u> [1]. His\u00adto\u00adria jed\u00adno\u00adra\u00adzowych r\u0119kaw\u00adiczek medy\u00adcznych nadal jest pisana, tech\u00adnolo\u00adgie s\u0105 unowocze\u015b\u00adni\u00adane i rozwi\u00adjane, a <a href=\"https:\/\/www.skamex.com.pl\/oferta\/rekawice\">r\u0119kaw\u00adicz\u00adki medy\u00adczne<\/a> coraz odporniejsze i zapew\u00adni\u00ada\u00adj\u0105ce wi\u0119cej kom\u00adfor\u00adtu oraz swo\u00adbody.<\/p>\n\n\n<p class=\" eplus-wrapper\">&nbsp;<\/p>\n\n\n\n<h4 class=\"wp-block-heading eplus-wrapper\"><strong>Bibliografia:<\/strong><\/h4>\n\n\n<p class=\" eplus-wrapper eplus-styles-uid-24b8d8\">1. Han\u00adna Dole\u017cych-Teis\u00adter, Gajne Mar\u00adtirosian, Czy r\u0119kaw\u00adice s\u0105 skuteczn\u0105 bari\u00ader\u0105 dla zaka\u017ce\u0144 zwi\u0105zanych z opiek\u0105 zdrowot\u00adn\u0105, Zaka\u017ce\u00adnia XXI wieku 2019;2(3) s. 157\u2013162;<\/p>\n\n\n<p class=\" eplus-wrapper\">2. Tadeusz Rej\u00admanows\u00adki, R\u0119kaw\u00adicz\u00adki lekarskie w zarysie dziejowym. His\u00adto\u00adria medy\u00adcyny, Mer\u00adi\u00adtum 4\/2007<\/p>\n\n\n\n<p class=\" eplus-wrapper\">3. Rafa\u0142 Walas, His\u00adto\u00adria r\u0119kaw\u00adiczek lekars\u00adkich, diabpolmed.pl (12.03.2018);<\/p>\n\n\n\n<p class=\" eplus-wrapper\">&nbsp;<\/p>\n","protected":false},"excerpt":"R\u0119kaw\u00adicz\u00adki ochronne s\u0105 powszech\u00adnie dost\u0119p\u00adne, a ich stosowanie pod\u00adczas medy\u00adcznych czyn\u00adno\u015b\u00adci jest wyma\u00adgane stan\u00addar\u00add\u00ada\u00admi i pro\u00adce\u00addu\u00adra\u00admi. Ale nie zawsze tak by\u0142o, a his\u00adto\u00adria r\u0119kaw\u00adiczek i wsp\u00f3\u0142czes\u00adnej asep\u00adty\u00adki si\u0119\u00adga niewiele pon\u00adad 130 lat wstecz [1] \u2013 z punk\u00adtu widzenia his\u00adtorii medy\u00adcyny to naprawd\u0119 niewiele. Jak si\u0119 upowszech\u00adni\u0142y, kto je rozpropagowa\u0142 i jak wygl\u0105\u00adda\u0142a his\u00adto\u00adria r\u0119kaw\u00adiczek medy\u00adcznych? [&hellip;]","author":1,"featured_media":0,"comment_status":"closed","ping_status":"closed","sticky":false,"template":"","format":"standard","meta":{"inline_featured_image":false,"wp_typography_post_enhancements_disabled":false,"editor_plus_post_options":"{}","editor_plus_copied_stylings":"{}","footnotes":""},"categories":[18],"tags":[28,53,54,63,51],"class_list":["post-1070","post","type-post","status-publish","format-standard","hentry","category-rekawice","tag-profilaktyka","tag-rekawice-chirurgiczne","tag-rekawice-diagnostyczne","tag-rekawice-ochronne","tag-zmo"],"yoast_head":"<!-- This site is optimized with the Yoast SEO plugin v27.1.1 - https:\/\/yoast.com\/product\/yoast-seo-wordpress\/ -->\n<title>Historia r\u0119kawiczek medycznych - Skamex<\/title>\n<meta name=\"robots\" content=\"index, follow, max-snippet:-1, max-image-preview:large, max-video-preview:-1\" \/>\n<link rel=\"canonical\" href=\"https:\/\/www.skamex.com.pl\/blog\/rekawice\/historia-rekawiczek-medycznych\" \/>\n<meta property=\"og:locale\" content=\"pl_PL\" \/>\n<meta property=\"og:type\" content=\"article\" \/>\n<meta property=\"og:title\" content=\"Historia r\u0119kawiczek medycznych - Skamex\" \/>\n<meta property=\"og:description\" content=\"R\u0119kaw\u00adicz\u00adki ochronne s\u0105 powszech\u00adnie dost\u0119p\u00adne, a ich stosowanie pod\u00adczas medy\u00adcznych czyn\u00adno\u015b\u00adci jest wyma\u00adgane stan\u00addar\u00add\u00ada\u00admi i pro\u00adce\u00addu\u00adra\u00admi. Ale nie zawsze tak by\u0142o, a his\u00adto\u00adria r\u0119kaw\u00adiczek i wsp\u00f3\u0142czes\u00adnej asep\u00adty\u00adki si\u0119\u00adga niewiele pon\u00adad 130 lat wstecz [1] \u2013 z punk\u00adtu widzenia his\u00adtorii medy\u00adcyny to naprawd\u0119 niewiele. Jak si\u0119 upowszech\u00adni\u0142y, kto je rozpropagowa\u0142 i jak wygl\u0105\u00adda\u0142a his\u00adto\u00adria r\u0119kaw\u00adiczek medy\u00adcznych? [&hellip;]\" \/>\n<meta property=\"og:url\" content=\"https:\/\/www.skamex.com.pl\/blog\/rekawice\/historia-rekawiczek-medycznych\" \/>\n<meta property=\"og:site_name\" content=\"Skamex\" \/>\n<meta property=\"article:publisher\" content=\"https:\/\/www.facebook.com\/skamex\/\" \/>\n<meta property=\"article:published_time\" content=\"2020-10-16T09:24:46+00:00\" \/>\n<meta property=\"article:modified_time\" content=\"2025-05-12T10:48:51+00:00\" \/>\n<meta property=\"og:image\" content=\"https:\/\/www.skamex.com.pl\/wp-content\/uploads\/2024\/05\/WilliamHalsted-737x1024.jpg\" \/>\n<meta name=\"author\" content=\"empressia\" \/>\n<meta name=\"twitter:card\" content=\"summary_large_image\" \/>\n<meta name=\"twitter:label1\" content=\"Napisane przez\" \/>\n\t<meta name=\"twitter:data1\" content=\"empressia\" \/>\n\t<meta name=\"twitter:label2\" content=\"Szacowany czas czytania\" \/>\n\t<meta name=\"twitter:data2\" content=\"5 minut\" \/>\n<script type=\"application\/ld+json\" class=\"yoast-schema-graph\">{\"@context\":\"https:\/\/schema.org\",\"@graph\":[{\"@type\":\"Article\",\"@id\":\"https:\/\/www.skamex.com.pl\/blog\/rekawice\/historia-rekawiczek-medycznych#article\",\"isPartOf\":{\"@id\":\"https:\/\/www.skamex.com.pl\/blog\/rekawice\/historia-rekawiczek-medycznych\"},\"author\":{\"name\":\"empressia\",\"@id\":\"https:\/\/www.skamex.com.pl\/#\/schema\/person\/a148d815b29ce9c46f53d4cc87cd7aef\"},\"headline\":\"Historia r\u0119kawiczek medycznych\",\"datePublished\":\"2020-10-16T09:24:46+00:00\",\"dateModified\":\"2025-05-12T10:48:51+00:00\",\"mainEntityOfPage\":{\"@id\":\"https:\/\/www.skamex.com.pl\/blog\/rekawice\/historia-rekawiczek-medycznych\"},\"wordCount\":777,\"publisher\":{\"@id\":\"https:\/\/www.skamex.com.pl\/#organization\"},\"image\":{\"@id\":\"https:\/\/www.skamex.com.pl\/blog\/rekawice\/historia-rekawiczek-medycznych#primaryimage\"},\"thumbnailUrl\":\"https:\/\/www.skamex.com.pl\/wp-content\/uploads\/2024\/05\/WilliamHalsted-737x1024.jpg\",\"keywords\":[\"profilaktyka\",\"r\u0119kawice chirurgiczne\",\"r\u0119kawice diagnostyczne\",\"r\u0119kawice ochronne\",\"ZMO\"],\"articleSection\":[\"R\u0119kawice\"],\"inLanguage\":\"pl-PL\"},{\"@type\":\"WebPage\",\"@id\":\"https:\/\/www.skamex.com.pl\/blog\/rekawice\/historia-rekawiczek-medycznych\",\"url\":\"https:\/\/www.skamex.com.pl\/blog\/rekawice\/historia-rekawiczek-medycznych\",\"name\":\"Historia r\u0119kawiczek medycznych - Skamex\",\"isPartOf\":{\"@id\":\"https:\/\/www.skamex.com.pl\/#website\"},\"primaryImageOfPage\":{\"@id\":\"https:\/\/www.skamex.com.pl\/blog\/rekawice\/historia-rekawiczek-medycznych#primaryimage\"},\"image\":{\"@id\":\"https:\/\/www.skamex.com.pl\/blog\/rekawice\/historia-rekawiczek-medycznych#primaryimage\"},\"thumbnailUrl\":\"https:\/\/www.skamex.com.pl\/wp-content\/uploads\/2024\/05\/WilliamHalsted-737x1024.jpg\",\"datePublished\":\"2020-10-16T09:24:46+00:00\",\"dateModified\":\"2025-05-12T10:48:51+00:00\",\"breadcrumb\":{\"@id\":\"https:\/\/www.skamex.com.pl\/blog\/rekawice\/historia-rekawiczek-medycznych#breadcrumb\"},\"inLanguage\":\"pl-PL\",\"potentialAction\":[{\"@type\":\"ReadAction\",\"target\":[\"https:\/\/www.skamex.com.pl\/blog\/rekawice\/historia-rekawiczek-medycznych\"]}]},{\"@type\":\"ImageObject\",\"inLanguage\":\"pl-PL\",\"@id\":\"https:\/\/www.skamex.com.pl\/blog\/rekawice\/historia-rekawiczek-medycznych#primaryimage\",\"url\":\"https:\/\/www.skamex.com.pl\/wp-content\/uploads\/2024\/05\/WilliamHalsted.jpg\",\"contentUrl\":\"https:\/\/www.skamex.com.pl\/wp-content\/uploads\/2024\/05\/WilliamHalsted.jpg\",\"width\":1017,\"height\":1413},{\"@type\":\"BreadcrumbList\",\"@id\":\"https:\/\/www.skamex.com.pl\/blog\/rekawice\/historia-rekawiczek-medycznych#breadcrumb\",\"itemListElement\":[{\"@type\":\"ListItem\",\"position\":1,\"name\":\"Strona g\u0142\u00f3wna\",\"item\":\"https:\/\/www.skamex.com.pl\/\"},{\"@type\":\"ListItem\",\"position\":2,\"name\":\"Historia r\u0119kawiczek medycznych\"}]},{\"@type\":\"WebSite\",\"@id\":\"https:\/\/www.skamex.com.pl\/#website\",\"url\":\"https:\/\/www.skamex.com.pl\/\",\"name\":\"Skamex- Jako\u015b\u0107 w trosce o bezpiecze\u0144stwo\",\"description\":\"\",\"publisher\":{\"@id\":\"https:\/\/www.skamex.com.pl\/#organization\"},\"potentialAction\":[{\"@type\":\"SearchAction\",\"target\":{\"@type\":\"EntryPoint\",\"urlTemplate\":\"https:\/\/www.skamex.com.pl\/?s={search_term_string}\"},\"query-input\":{\"@type\":\"PropertyValueSpecification\",\"valueRequired\":true,\"valueName\":\"search_term_string\"}}],\"inLanguage\":\"pl-PL\"},{\"@type\":\"Organization\",\"@id\":\"https:\/\/www.skamex.com.pl\/#organization\",\"name\":\"Skamex\",\"url\":\"https:\/\/www.skamex.com.pl\/\",\"logo\":{\"@type\":\"ImageObject\",\"inLanguage\":\"pl-PL\",\"@id\":\"https:\/\/www.skamex.com.pl\/#\/schema\/logo\/image\/\",\"url\":\"https:\/\/www.skamex.com.pl\/wp-content\/uploads\/2024\/02\/logo_skamex-e1715849609970.png\",\"contentUrl\":\"https:\/\/www.skamex.com.pl\/wp-content\/uploads\/2024\/02\/logo_skamex-e1715849609970.png\",\"width\":1312,\"height\":318,\"caption\":\"Skamex\"},\"image\":{\"@id\":\"https:\/\/www.skamex.com.pl\/#\/schema\/logo\/image\/\"},\"sameAs\":[\"https:\/\/www.facebook.com\/skamex\/\",\"https:\/\/www.linkedin.com\/company\/skamex\"]},{\"@type\":\"Person\",\"@id\":\"https:\/\/www.skamex.com.pl\/#\/schema\/person\/a148d815b29ce9c46f53d4cc87cd7aef\",\"name\":\"empressia\",\"sameAs\":[\"https:\/\/skamex.com.pl\"],\"url\":\"https:\/\/www.skamex.com.pl\/blog\/author\/empressia\"}]}<\/script>\n<!-- \/ Yoast SEO plugin. -->","yoast_head_json":{"title":"Historia r\u0119kawiczek medycznych - Skamex","robots":{"index":"index","follow":"follow","max-snippet":"max-snippet:-1","max-image-preview":"max-image-preview:large","max-video-preview":"max-video-preview:-1"},"canonical":"https:\/\/www.skamex.com.pl\/blog\/rekawice\/historia-rekawiczek-medycznych","og_locale":"pl_PL","og_type":"article","og_title":"Historia r\u0119kawiczek medycznych - Skamex","og_description":"R\u0119kaw\u00adicz\u00adki ochronne s\u0105 powszech\u00adnie dost\u0119p\u00adne, a ich stosowanie pod\u00adczas medy\u00adcznych czyn\u00adno\u015b\u00adci jest wyma\u00adgane stan\u00addar\u00add\u00ada\u00admi i pro\u00adce\u00addu\u00adra\u00admi. Ale nie zawsze tak by\u0142o, a his\u00adto\u00adria r\u0119kaw\u00adiczek i wsp\u00f3\u0142czes\u00adnej asep\u00adty\u00adki si\u0119\u00adga niewiele pon\u00adad 130 lat wstecz [1] \u2013 z punk\u00adtu widzenia his\u00adtorii medy\u00adcyny to naprawd\u0119 niewiele. Jak si\u0119 upowszech\u00adni\u0142y, kto je rozpropagowa\u0142 i jak wygl\u0105\u00adda\u0142a his\u00adto\u00adria r\u0119kaw\u00adiczek medy\u00adcznych? [&hellip;]","og_url":"https:\/\/www.skamex.com.pl\/blog\/rekawice\/historia-rekawiczek-medycznych","og_site_name":"Skamex","article_publisher":"https:\/\/www.facebook.com\/skamex\/","article_published_time":"2020-10-16T09:24:46+00:00","article_modified_time":"2025-05-12T10:48:51+00:00","og_image":[{"url":"https:\/\/www.skamex.com.pl\/wp-content\/uploads\/2024\/05\/WilliamHalsted-737x1024.jpg","type":"","width":"","height":""}],"author":"empressia","twitter_card":"summary_large_image","twitter_misc":{"Napisane przez":"empressia","Szacowany czas czytania":"5 minut"},"schema":{"@context":"https:\/\/schema.org","@graph":[{"@type":"Article","@id":"https:\/\/www.skamex.com.pl\/blog\/rekawice\/historia-rekawiczek-medycznych#article","isPartOf":{"@id":"https:\/\/www.skamex.com.pl\/blog\/rekawice\/historia-rekawiczek-medycznych"},"author":{"name":"empressia","@id":"https:\/\/www.skamex.com.pl\/#\/schema\/person\/a148d815b29ce9c46f53d4cc87cd7aef"},"headline":"Historia r\u0119kawiczek medycznych","datePublished":"2020-10-16T09:24:46+00:00","dateModified":"2025-05-12T10:48:51+00:00","mainEntityOfPage":{"@id":"https:\/\/www.skamex.com.pl\/blog\/rekawice\/historia-rekawiczek-medycznych"},"wordCount":777,"publisher":{"@id":"https:\/\/www.skamex.com.pl\/#organization"},"image":{"@id":"https:\/\/www.skamex.com.pl\/blog\/rekawice\/historia-rekawiczek-medycznych#primaryimage"},"thumbnailUrl":"https:\/\/www.skamex.com.pl\/wp-content\/uploads\/2024\/05\/WilliamHalsted-737x1024.jpg","keywords":["profilaktyka","r\u0119kawice chirurgiczne","r\u0119kawice diagnostyczne","r\u0119kawice ochronne","ZMO"],"articleSection":["R\u0119kawice"],"inLanguage":"pl-PL"},{"@type":"WebPage","@id":"https:\/\/www.skamex.com.pl\/blog\/rekawice\/historia-rekawiczek-medycznych","url":"https:\/\/www.skamex.com.pl\/blog\/rekawice\/historia-rekawiczek-medycznych","name":"Historia r\u0119kawiczek medycznych - Skamex","isPartOf":{"@id":"https:\/\/www.skamex.com.pl\/#website"},"primaryImageOfPage":{"@id":"https:\/\/www.skamex.com.pl\/blog\/rekawice\/historia-rekawiczek-medycznych#primaryimage"},"image":{"@id":"https:\/\/www.skamex.com.pl\/blog\/rekawice\/historia-rekawiczek-medycznych#primaryimage"},"thumbnailUrl":"https:\/\/www.skamex.com.pl\/wp-content\/uploads\/2024\/05\/WilliamHalsted-737x1024.jpg","datePublished":"2020-10-16T09:24:46+00:00","dateModified":"2025-05-12T10:48:51+00:00","breadcrumb":{"@id":"https:\/\/www.skamex.com.pl\/blog\/rekawice\/historia-rekawiczek-medycznych#breadcrumb"},"inLanguage":"pl-PL","potentialAction":[{"@type":"ReadAction","target":["https:\/\/www.skamex.com.pl\/blog\/rekawice\/historia-rekawiczek-medycznych"]}]},{"@type":"ImageObject","inLanguage":"pl-PL","@id":"https:\/\/www.skamex.com.pl\/blog\/rekawice\/historia-rekawiczek-medycznych#primaryimage","url":"https:\/\/www.skamex.com.pl\/wp-content\/uploads\/2024\/05\/WilliamHalsted.jpg","contentUrl":"https:\/\/www.skamex.com.pl\/wp-content\/uploads\/2024\/05\/WilliamHalsted.jpg","width":1017,"height":1413},{"@type":"BreadcrumbList","@id":"https:\/\/www.skamex.com.pl\/blog\/rekawice\/historia-rekawiczek-medycznych#breadcrumb","itemListElement":[{"@type":"ListItem","position":1,"name":"Strona g\u0142\u00f3wna","item":"https:\/\/www.skamex.com.pl\/"},{"@type":"ListItem","position":2,"name":"Historia r\u0119kawiczek medycznych"}]},{"@type":"WebSite","@id":"https:\/\/www.skamex.com.pl\/#website","url":"https:\/\/www.skamex.com.pl\/","name":"Skamex- Jako\u015b\u0107 w trosce o bezpiecze\u0144stwo","description":"","publisher":{"@id":"https:\/\/www.skamex.com.pl\/#organization"},"potentialAction":[{"@type":"SearchAction","target":{"@type":"EntryPoint","urlTemplate":"https:\/\/www.skamex.com.pl\/?s={search_term_string}"},"query-input":{"@type":"PropertyValueSpecification","valueRequired":true,"valueName":"search_term_string"}}],"inLanguage":"pl-PL"},{"@type":"Organization","@id":"https:\/\/www.skamex.com.pl\/#organization","name":"Skamex","url":"https:\/\/www.skamex.com.pl\/","logo":{"@type":"ImageObject","inLanguage":"pl-PL","@id":"https:\/\/www.skamex.com.pl\/#\/schema\/logo\/image\/","url":"https:\/\/www.skamex.com.pl\/wp-content\/uploads\/2024\/02\/logo_skamex-e1715849609970.png","contentUrl":"https:\/\/www.skamex.com.pl\/wp-content\/uploads\/2024\/02\/logo_skamex-e1715849609970.png","width":1312,"height":318,"caption":"Skamex"},"image":{"@id":"https:\/\/www.skamex.com.pl\/#\/schema\/logo\/image\/"},"sameAs":["https:\/\/www.facebook.com\/skamex\/","https:\/\/www.linkedin.com\/company\/skamex"]},{"@type":"Person","@id":"https:\/\/www.skamex.com.pl\/#\/schema\/person\/a148d815b29ce9c46f53d4cc87cd7aef","name":"empressia","sameAs":["https:\/\/skamex.com.pl"],"url":"https:\/\/www.skamex.com.pl\/blog\/author\/empressia"}]}},"acf":[],"gutenberg_blocks":[{"blockName":"custom-styles","attrs":{"styles":".eplus-styles-uid-24b8d8{text-align:justify}"}},{"blockName":"core\/paragraph","attrs":{"epCustomTypography":{"lineHeight":{"value":"","important":false,"unit":"px"},"fontSize":{"value":"","important":false,"unit":"px"},"letterSpacing":{"value":"","important":false,"unit":"px"},"fontWeight":null,"textStyle":[],"textColor":{"color":"","imp":false},"underline":{"color":"","style":""},"lineThrough":{"color":"","style":""},"textAlignment":"justify"},"epAnimationGeneratedClass":"edplus_anim-Cr6Idv","epGeneratedClass":"eplus-wrapper"},"innerBlocks":[],"innerHTML":"<p class=\" eplus-wrapper eplus-styles-uid-24b8d8\"><em>R\u0119kawiczki ochronne s\u0105 powszechnie dost\u0119pne, a ich stosowanie podczas medycznych czynno\u015bci jest wymagane standardami i procedurami. Ale nie zawsze tak by\u0142o, a historia r\u0119kawiczek i wsp\u00f3\u0142czesnej aseptyki si\u0119ga niewiele ponad 130 lat wstecz [1] \u2013 z punktu widzenia historii medycyny to naprawd\u0119 niewiele. Jak si\u0119 upowszechni\u0142y, kto je rozpropagowa\u0142 i jak wygl\u0105da\u0142a historia r\u0119kawiczek medycznych? Oto gar\u015b\u0107 ciekawostek na ten temat.<\/em><\/p>","innerContent":["\n<p class=\" eplus-wrapper\"><em>R\u0119kawiczki ochronne s\u0105 powszechnie dost\u0119pne, a ich stosowanie podczas medycznych czynno\u015bci jest wymagane standardami i procedurami. Ale nie zawsze tak by\u0142o, a historia r\u0119kawiczek i wsp\u00f3\u0142czesnej aseptyki si\u0119ga niewiele ponad 130 lat wstecz [1] \u2013 z punktu widzenia historii medycyny to naprawd\u0119 niewiele. Jak si\u0119 upowszechni\u0142y, kto je rozpropagowa\u0142 i jak wygl\u0105da\u0142a historia r\u0119kawiczek medycznych? Oto gar\u015b\u0107 ciekawostek na ten temat.<\/em><\/p>\n"]},{"blockName":"core\/heading","attrs":{"level":4,"epAnimationGeneratedClass":"edplus_anim-WvtznI","epGeneratedClass":"eplus-wrapper"},"innerBlocks":[],"innerHTML":"\n<h4 class=\"wp-block-heading eplus-wrapper\"><strong>Kto wymy\u015bli\u0142 r\u0119kawiczki ochronne<\/strong><strong> na potrzeby medycyny?<\/strong><\/h4>\n","innerContent":["\n<h4 class=\"wp-block-heading eplus-wrapper\"><strong>Kto wymy\u015bli\u0142 r\u0119kawiczki ochronne<\/strong><strong> na potrzeby medycyny?<\/strong><\/h4>\n"]},{"blockName":"core\/paragraph","attrs":{"epCustomTypography":{"lineHeight":{"value":"","important":false,"unit":"px"},"fontSize":{"value":"","important":false,"unit":"px"},"letterSpacing":{"value":"","important":false,"unit":"px"},"fontWeight":null,"textStyle":[],"textColor":{"color":"","imp":false},"underline":{"color":"","style":""},"lineThrough":{"color":"","style":""},"textAlignment":"justify"},"epAnimationGeneratedClass":"edplus_anim-xMVALd","epGeneratedClass":"eplus-wrapper"},"innerBlocks":[],"innerHTML":"<p class=\" eplus-wrapper eplus-styles-uid-24b8d8\">Techniki aseptyki i antyseptyki towarzysz\u0105ce zabiegom chirurgicznym zosta\u0142y przyj\u0119te w XIX wieku, jednak konieczno\u015b\u0107 stosowania r\u0119kawiczek i masek ochronnych nie zosta\u0142a wprowadzona od razu. Zmiany zachodzi\u0142y stopniowo w miar\u0119 upowszechniania \u015brodk\u00f3w ochrony osobistej i zwi\u0119kszania \u015bwiadomo\u015bci spo\u0142ecznej w tym zakresie [2].<\/p>","innerContent":["\n<p class=\" eplus-wrapper\">Techniki aseptyki i antyseptyki towarzysz\u0105ce zabiegom chirurgicznym zosta\u0142y przyj\u0119te w XIX wieku, jednak konieczno\u015b\u0107 stosowania r\u0119kawiczek i masek ochronnych nie zosta\u0142a wprowadzona od razu. Zmiany zachodzi\u0142y stopniowo w miar\u0119 upowszechniania \u015brodk\u00f3w ochrony osobistej i zwi\u0119kszania \u015bwiadomo\u015bci spo\u0142ecznej w tym zakresie [2].<\/p>\n"]},{"blockName":"core\/paragraph","attrs":{"epCustomTypography":{"lineHeight":{"value":"","important":false,"unit":"px"},"fontSize":{"value":"","important":false,"unit":"px"},"letterSpacing":{"value":"","important":false,"unit":"px"},"fontWeight":null,"textStyle":[],"textColor":{"color":"","imp":false},"underline":{"color":"","style":""},"lineThrough":{"color":"","style":""},"textAlignment":"justify"},"epAnimationGeneratedClass":"edplus_anim-HRjepK","epGeneratedClass":"eplus-wrapper"},"innerBlocks":[],"innerHTML":"<p class=\" eplus-wrapper eplus-styles-uid-24b8d8\">Pierwsze zastosowanie r\u0119kawiczek (wtedy jeszcze sk\u00f3rzanych), na kt\u00f3re wskazuj\u0105 \u017ar\u00f3d\u0142a, mia\u0142o miejsce w 1758 roku, gdy dr <strong>Johann Waldbaum<\/strong> (1724-1799) u\u017cy\u0142 ich do obrotu p\u0142odu podczas zabiegu ginekologicznego [2]. Pocz\u0105tkowo u\u017cycie r\u0119kawic mia\u0142o chroni\u0107 przede wszystkim lekarza przed brudem i krwi\u0105, nie posiadano wiedzy na temat przyczyn zaka\u017ce\u0144, dlatego nie brano pod uwag\u0119 dobra pacjenta. W\u015br\u00f3d lekarzy postuluj\u0105cych za noszeniem takiej ochrony, znajdowa\u0142 si\u0119 wiede\u0144ski dermatolog <strong>Joseph Plenk<\/strong> (1739-1807), sugerowa\u0142 on, \u017ce r\u0119kawiczki mog\u0105 by\u0107 u\u017cywane profilaktycznie, chroni\u0105c przed zaka\u017ceniem r\u0105k. Z dost\u0119pnych \u017ar\u00f3de\u0142 wiadomo te\u017c, \u017ce dr<strong> Ignac Semmelweiss<\/strong> (1818-1865) u\u017cywa\u0142 r\u0119kawiczek do badania ginekologicznego [1].<\/p>","innerContent":["\n<p class=\" eplus-wrapper\">Pierwsze zastosowanie r\u0119kawiczek (wtedy jeszcze sk\u00f3rzanych), na kt\u00f3re wskazuj\u0105 \u017ar\u00f3d\u0142a, mia\u0142o miejsce w 1758 roku, gdy dr <strong>Johann Waldbaum<\/strong> (1724-1799) u\u017cy\u0142 ich do obrotu p\u0142odu podczas zabiegu ginekologicznego [2]. Pocz\u0105tkowo u\u017cycie r\u0119kawic mia\u0142o chroni\u0107 przede wszystkim lekarza przed brudem i krwi\u0105, nie posiadano wiedzy na temat przyczyn zaka\u017ce\u0144, dlatego nie brano pod uwag\u0119 dobra pacjenta. W\u015br\u00f3d lekarzy postuluj\u0105cych za noszeniem takiej ochrony, znajdowa\u0142 si\u0119 wiede\u0144ski dermatolog <strong>Joseph Plenk<\/strong> (1739-1807), sugerowa\u0142 on, \u017ce r\u0119kawiczki mog\u0105 by\u0107 u\u017cywane profilaktycznie, chroni\u0105c przed zaka\u017ceniem r\u0105k. Z dost\u0119pnych \u017ar\u00f3de\u0142 wiadomo te\u017c, \u017ce dr<strong> Ignac Semmelweiss<\/strong> (1818-1865) u\u017cywa\u0142 r\u0119kawiczek do badania ginekologicznego [1].<\/p>\n"]},{"blockName":"core\/paragraph","attrs":{"epCustomTypography":{"lineHeight":{"value":"","important":false,"unit":"px"},"fontSize":{"value":"","important":false,"unit":"px"},"letterSpacing":{"value":"","important":false,"unit":"px"},"fontWeight":null,"textStyle":[],"textColor":{"color":"","imp":false},"underline":{"color":"","style":""},"lineThrough":{"color":"","style":""},"textAlignment":"justify"},"epAnimationGeneratedClass":"edplus_anim-3PeVZE","epGeneratedClass":"eplus-wrapper"},"innerBlocks":[],"innerHTML":"<p class=\" eplus-wrapper eplus-styles-uid-24b8d8\">Po tym, jak Charles Goodyear w 1839 roku wynalaz\u0142 technologi\u0119 produkcji gumy, a w 1844 opatentowa\u0142 proces wulkanizacji, mo\u017cliwa sta\u0142a si\u0119 masowa produkcja gumowych produkt\u00f3w, w tym r\u0119kawiczek.<\/p>","innerContent":["\n<p class=\" eplus-wrapper\">Po tym, jak Charles Goodyear w 1839 roku wynalaz\u0142 technologi\u0119 produkcji gumy, a w 1844 opatentowa\u0142 proces wulkanizacji, mo\u017cliwa sta\u0142a si\u0119 masowa produkcja gumowych produkt\u00f3w, w tym r\u0119kawiczek.<\/p>\n"]},{"blockName":"core\/paragraph","attrs":{"epCustomTypography":{"lineHeight":{"value":"","important":false,"unit":"px"},"fontSize":{"value":"","important":false,"unit":"px"},"letterSpacing":{"value":"","important":false,"unit":"px"},"fontWeight":null,"textStyle":[],"textColor":{"color":"","imp":false},"underline":{"color":"","style":""},"lineThrough":{"color":"","style":""},"textAlignment":"justify"},"epAnimationGeneratedClass":"edplus_anim-bgNh4F","epGeneratedClass":"eplus-wrapper"},"innerBlocks":[],"innerHTML":"<p class=\" eplus-wrapper eplus-styles-uid-24b8d8\">Pierwsze naukowe doniesienia o zaletach z ochrony r\u0105k pochodz\u0105 z po\u0142owy XIX wieku. W 1848 roku angielski lekarz <strong>William Acton<\/strong> wystosowa\u0142 dokument o korzy\u015bciach wynikaj\u0105cych z u\u017cycia gumowych r\u0119kawiczek w praktyce lekarskiej; jednak poniewa\u017c postulat ten by\u0142 skierowany do lekarzy wykonuj\u0105cych sekcje zw\u0142ok, nie zosta\u0142 rozpowszechniony w\u015br\u00f3d przedstawicieli innych dyscyplin medycznych [2].<\/p>","innerContent":["\n<p class=\" eplus-wrapper\">Pierwsze naukowe doniesienia o zaletach z ochrony r\u0105k pochodz\u0105 z po\u0142owy XIX wieku. W 1848 roku angielski lekarz <strong>William Acton<\/strong> wystosowa\u0142 dokument o korzy\u015bciach wynikaj\u0105cych z u\u017cycia gumowych r\u0119kawiczek w praktyce lekarskiej; jednak poniewa\u017c postulat ten by\u0142 skierowany do lekarzy wykonuj\u0105cych sekcje zw\u0142ok, nie zosta\u0142 rozpowszechniony w\u015br\u00f3d przedstawicieli innych dyscyplin medycznych [2].<\/p>\n"]},{"blockName":"core\/heading","attrs":{"level":4,"epAnimationGeneratedClass":"edplus_anim-1bhBSj","epGeneratedClass":"eplus-wrapper"},"innerBlocks":[],"innerHTML":"\n<h4 class=\"wp-block-heading eplus-wrapper\"><strong>R\u0119kawiczki \u2013 historia <\/strong><strong>najnowsza. Od uczulenia do ochrony<\/strong><\/h4>\n","innerContent":["\n<h4 class=\"wp-block-heading eplus-wrapper\"><strong>R\u0119kawiczki \u2013 historia <\/strong><strong>najnowsza. Od uczulenia do ochrony<\/strong><\/h4>\n"]},{"blockName":"core\/image","attrs":{"id":9956,"width":"286px","height":"auto","sizeSlug":"large","linkDestination":"custom","align":"left","epAnimationGeneratedClass":"edplus_anim-DxH39W","epGeneratedClass":"eplus-wrapper"},"innerBlocks":[],"innerHTML":"\n<figure class=\"wp-block-image alignleft size-large is-resized eplus-wrapper\"><a href=\"https:\/\/pl.wikipedia.org\/wiki\/William_Halsted\"><img src=\"https:\/\/www.skamex.com.pl\/wp-content\/uploads\/2024\/05\/WilliamHalsted-737x1024.jpg\" alt=\"\" class=\"wp-image-9956\" style=\"width:286px;height:auto\"\/><\/a><\/figure>\n","innerContent":["\n<figure class=\"wp-block-image alignleft size-large is-resized eplus-wrapper\"><a href=\"https:\/\/pl.wikipedia.org\/wiki\/William_Halsted\"><img src=\"https:\/\/www.skamex.com.pl\/wp-content\/uploads\/2024\/05\/WilliamHalsted-737x1024.jpg\" alt=\"\" class=\"wp-image-9956\" style=\"width:286px;height:auto\"\/><\/a><\/figure>\n"]},{"blockName":"core\/paragraph","attrs":{"epCustomTypography":{"lineHeight":{"value":"","important":false,"unit":"px"},"fontSize":{"value":"","important":false,"unit":"px"},"letterSpacing":{"value":"","important":false,"unit":"px"},"fontWeight":null,"textStyle":[],"textColor":{"color":"","imp":false},"underline":{"color":"","style":""},"lineThrough":{"color":"","style":""},"textAlignment":"justify"},"epAnimationGeneratedClass":"edplus_anim-obi2SC","epGeneratedClass":"eplus-wrapper"},"innerBlocks":[],"innerHTML":"<p class=\" eplus-wrapper eplus-styles-uid-24b8d8\">Nad tym, kto wymy\u015bli\u0142 r\u0119kawiczki ochronne i kto je upowszechni\u0142, mo\u017cna spekulowa\u0107, gdy\u017c niewiele wiadomo. Za popularyzatora gumowych r\u0119kawiczek do chirurgii uznawany jest <strong><a href=\"https:\/\/pl.wikipedia.org\/wiki\/William_Halsted\">William Stewart Halsted,<\/a><\/strong> profesor chirurgii w John Hopkins Hospital w Baltimore. W raportach z dzia\u0142alno\u015bci pisa\u0142, \u017ce jego instrumentariuszka oraz asystenci u\u017cywali w trakcie operacji r\u0119kawiczek gumowych w celu ochrony przed uczuleniowym dzia\u0142aniem fenolu stosowanego jako antyseptyk. Wiadomo te\u017c, \u017ce dr Hunter Robb w podr\u0119czniku na temat aseptyki r\u00f3wnie\u017c zaleca\u0142 tego rodzaju ochron\u0119.<\/p>","innerContent":["\n<p class=\" eplus-wrapper\">Nad tym, kto wymy\u015bli\u0142 r\u0119kawiczki ochronne i kto je upowszechni\u0142, mo\u017cna spekulowa\u0107, gdy\u017c niewiele wiadomo. Za popularyzatora gumowych r\u0119kawiczek do chirurgii uznawany jest <strong><a href=\"https:\/\/pl.wikipedia.org\/wiki\/William_Halsted\">William Stewart Halsted,<\/a><\/strong> profesor chirurgii w John Hopkins Hospital w Baltimore. W raportach z dzia\u0142alno\u015bci pisa\u0142, \u017ce jego instrumentariuszka oraz asystenci u\u017cywali w trakcie operacji r\u0119kawiczek gumowych w celu ochrony przed uczuleniowym dzia\u0142aniem fenolu stosowanego jako antyseptyk. Wiadomo te\u017c, \u017ce dr Hunter Robb w podr\u0119czniku na temat aseptyki r\u00f3wnie\u017c zaleca\u0142 tego rodzaju ochron\u0119.<\/p>\n"]},{"blockName":"core\/paragraph","attrs":{"epCustomTypography":{"lineHeight":{"value":"","important":false,"unit":"px"},"fontSize":{"value":"","important":false,"unit":"px"},"letterSpacing":{"value":"","important":false,"unit":"px"},"fontWeight":null,"textStyle":[],"textColor":{"color":"","imp":false},"underline":{"color":"","style":""},"lineThrough":{"color":"","style":""},"textAlignment":"justify"},"epAnimationGeneratedClass":"edplus_anim-gvQjdc","epGeneratedClass":"eplus-wrapper"},"innerBlocks":[],"innerHTML":"<p class=\" eplus-wrapper eplus-styles-uid-24b8d8\">\u00a0Z biegiem czasu r\u0119kawiczki sta\u0142y si\u0119 coraz szerzej stosowane, ale historia r\u0119kawiczek medycznych na tym wcale si\u0119 nie ko\u0144czy. Nawet pod koniec XIX wieku chirurdzy nadal nie stosowali ich rutynowo. Dopiero gdy w 1894 roku lipski chirurg <strong>Bernard Koening<\/strong> og\u0142osi\u0142 w swojej pracy medycznej, \u017ce samo przedoperacyjne mycie r\u0105k nie wystarcza do ich dezynfekcji, zacz\u0119to coraz cz\u0119\u015bciej ich u\u017cywa\u0107, cho\u0107 i tak apel nie zosta\u0142 przyj\u0119ty przez ca\u0142e \u015brodowisko [2].<\/p>","innerContent":["\n<p class=\" eplus-wrapper\">&nbsp;Z biegiem czasu r\u0119kawiczki sta\u0142y si\u0119 coraz szerzej stosowane, ale historia r\u0119kawiczek medycznych na tym wcale si\u0119 nie ko\u0144czy. Nawet pod koniec XIX wieku chirurdzy nadal nie stosowali ich rutynowo. Dopiero gdy w 1894 roku lipski chirurg <strong>Bernard Koening<\/strong> og\u0142osi\u0142 w swojej pracy medycznej, \u017ce samo przedoperacyjne mycie r\u0105k nie wystarcza do ich dezynfekcji, zacz\u0119to coraz cz\u0119\u015bciej ich u\u017cywa\u0107, cho\u0107 i tak apel nie zosta\u0142 przyj\u0119ty przez ca\u0142e \u015brodowisko [2].<\/p>\n"]},{"blockName":"core\/paragraph","attrs":{"epCustomTypography":{"lineHeight":{"value":"","important":false,"unit":"px"},"fontSize":{"value":"","important":false,"unit":"px"},"letterSpacing":{"value":"","important":false,"unit":"px"},"fontWeight":null,"textStyle":[],"textColor":{"color":"","imp":false},"underline":{"color":"","style":""},"lineThrough":{"color":"","style":""},"textAlignment":"justify"},"epAnimationGeneratedClass":"edplus_anim-M6x5Re","epGeneratedClass":"eplus-wrapper"},"innerBlocks":[],"innerHTML":"<p class=\" eplus-wrapper eplus-styles-uid-24b8d8\">W Europie za propagatora stosowania tego typu \u015brodk\u00f3w ochrony osobistej uwa\u017ca si\u0119 <strong>Wernera Zoege-Manteuffla <\/strong>(1857-1926) chirurga z Dorpatu. Ostateczne rozpowszechnienie stosowania r\u0119kawiczek w praktyce medycznej nast\u0105pi\u0142o w czasie I wojny \u015bwiatowej. W okresie II wojny \u015bwiatowej <strong>udoskonalono produkcj\u0119 i sterylizacj\u0119 gumowych r\u0119kawic lekarskich<\/strong>. Niestety po wojnie nast\u0105pi\u0142o znaczne zubo\u017cenie gospodarki na ca\u0142ym \u015bwiecie, a problemy produkcyjne sprawi\u0142y, \u017ce dost\u0119pno\u015b\u0107 tych produkt\u00f3w spad\u0142a. Braki r\u0119kawiczek zmusza\u0142y personel medyczny do ich wielokrotnego u\u017cywania, w wyniku czego okaza\u0142o si\u0119, \u017ce dotychczasowe rozwi\u0105zania mia\u0142y wiele wad; zaowocowa\u0142o to mi\u0119dzy innymi zmian\u0105 technologii produkcji i ulepszeniem r\u0119kawiczek.<\/p>","innerContent":["\n<p class=\" eplus-wrapper\">W Europie za propagatora stosowania tego typu \u015brodk\u00f3w ochrony osobistej uwa\u017ca si\u0119 <strong>Wernera Zoege-Manteuffla <\/strong>(1857-1926) chirurga z Dorpatu. Ostateczne rozpowszechnienie stosowania r\u0119kawiczek w praktyce medycznej nast\u0105pi\u0142o w czasie I wojny \u015bwiatowej. W okresie II wojny \u015bwiatowej <strong>udoskonalono produkcj\u0119 i sterylizacj\u0119 gumowych r\u0119kawic lekarskich<\/strong>. Niestety po wojnie nast\u0105pi\u0142o znaczne zubo\u017cenie gospodarki na ca\u0142ym \u015bwiecie, a problemy produkcyjne sprawi\u0142y, \u017ce dost\u0119pno\u015b\u0107 tych produkt\u00f3w spad\u0142a. Braki r\u0119kawiczek zmusza\u0142y personel medyczny do ich wielokrotnego u\u017cywania, w wyniku czego okaza\u0142o si\u0119, \u017ce dotychczasowe rozwi\u0105zania mia\u0142y wiele wad; zaowocowa\u0142o to mi\u0119dzy innymi zmian\u0105 technologii produkcji i ulepszeniem r\u0119kawiczek.<\/p>\n"]},{"blockName":"core\/heading","attrs":{"level":4,"align":"left","epAnimationGeneratedClass":"edplus_anim-wxTwI8","epGeneratedClass":"eplus-wrapper"},"innerBlocks":[],"innerHTML":"\n<h4 class=\"wp-block-heading eplus-wrapper\"><strong>R\u0119kawiczki \u2013 historia<\/strong><strong> a przysz\u0142o\u015b\u0107<\/strong><\/h4>\n","innerContent":["\n<h4 class=\"wp-block-heading eplus-wrapper\"><strong>R\u0119kawiczki \u2013 historia<\/strong><strong> a przysz\u0142o\u015b\u0107<\/strong><\/h4>\n"]},{"blockName":"core\/paragraph","attrs":{"epCustomTypography":{"lineHeight":{"value":"","important":false,"unit":"px"},"fontSize":{"value":"","important":false,"unit":"px"},"letterSpacing":{"value":"","important":false,"unit":"px"},"fontWeight":null,"textStyle":[],"textColor":{"color":"","imp":false},"underline":{"color":"","style":""},"lineThrough":{"color":"","style":""},"textAlignment":"justify"},"epAnimationGeneratedClass":"edplus_anim-DbW0YJ","epGeneratedClass":"eplus-wrapper"},"innerBlocks":[],"innerHTML":"<p class=\" eplus-wrapper eplus-styles-uid-24b8d8\">Obecnie z dost\u0119pno\u015bci\u0105 r\u0119kawiczek nie ma problemu i stanowi\u0105 one podstawowy element odzie\u017cy ochronnej w praktyce medycznej. Dostrzegalny jest rozw\u00f3j nowych p\u00f3l zainteresowa\u0144 badaczy, obejmuj\u0105cych: <u>ograniczenie ryzyka zaka\u017ce\u0144 szpitalnych u pacjent\u00f3w, bezpiecze\u0144stwo personelu, jako\u015b\u0107 r\u0119kawiczek ze wzgl\u0119du na zastosowane materia\u0142y oraz czysto\u015b\u0107 mikrobiologiczna i zawarto\u015b\u0107 potencjalnie szkodliwych substancji w materia\u0142ach<\/u> [1]. Historia jednorazowych r\u0119kawiczek medycznych nadal jest pisana, technologie s\u0105 unowocze\u015bniane i rozwijane, a <a href=\"https:\/\/www.skamex.com.pl\/oferta\/rekawice\">r\u0119kawiczki medyczne<\/a> coraz odporniejsze i zapewniaj\u0105ce wi\u0119cej komfortu oraz swobody.<\/p>","innerContent":["\n<p class=\" eplus-wrapper\">Obecnie z dost\u0119pno\u015bci\u0105 r\u0119kawiczek nie ma problemu i stanowi\u0105 one podstawowy element odzie\u017cy ochronnej w praktyce medycznej. Dostrzegalny jest rozw\u00f3j nowych p\u00f3l zainteresowa\u0144 badaczy, obejmuj\u0105cych: <u>ograniczenie ryzyka zaka\u017ce\u0144 szpitalnych u pacjent\u00f3w, bezpiecze\u0144stwo personelu, jako\u015b\u0107 r\u0119kawiczek ze wzgl\u0119du na zastosowane materia\u0142y oraz czysto\u015b\u0107 mikrobiologiczna i zawarto\u015b\u0107 potencjalnie szkodliwych substancji w materia\u0142ach<\/u> [1]. Historia jednorazowych r\u0119kawiczek medycznych nadal jest pisana, technologie s\u0105 unowocze\u015bniane i rozwijane, a <a href=\"https:\/\/www.skamex.com.pl\/oferta\/rekawice\">r\u0119kawiczki medyczne<\/a> coraz odporniejsze i zapewniaj\u0105ce wi\u0119cej komfortu oraz swobody.<\/p>\n"]},{"blockName":"core\/paragraph","attrs":{"epAnimationGeneratedClass":"edplus_anim-XYiW0l","epGeneratedClass":"eplus-wrapper"},"innerBlocks":[],"innerHTML":"\n<p class=\" eplus-wrapper\">&nbsp;<\/p>\n","innerContent":["\n<p class=\" eplus-wrapper\">&nbsp;<\/p>\n"]},{"blockName":"core\/heading","attrs":{"level":4,"epAnimationGeneratedClass":"edplus_anim-NYHkbu","epGeneratedClass":"eplus-wrapper"},"innerBlocks":[],"innerHTML":"\n<h4 class=\"wp-block-heading eplus-wrapper\"><strong>Bibliografia:<\/strong><\/h4>\n","innerContent":["\n<h4 class=\"wp-block-heading eplus-wrapper\"><strong>Bibliografia:<\/strong><\/h4>\n"]},{"blockName":"core\/paragraph","attrs":{"epCustomTypography":{"lineHeight":{"value":"","important":false,"unit":"px"},"fontSize":{"value":"","important":false,"unit":"px"},"letterSpacing":{"value":"","important":false,"unit":"px"},"fontWeight":null,"textStyle":[],"textColor":{"color":"","imp":false},"underline":{"color":"","style":""},"lineThrough":{"color":"","style":""},"textAlignment":"justify"},"epAnimationGeneratedClass":"edplus_anim-LQwsm5","epGeneratedClass":"eplus-wrapper"},"innerBlocks":[],"innerHTML":"<p class=\" eplus-wrapper eplus-styles-uid-24b8d8\">1. Hanna Dole\u017cych-Teister, Gajne Martirosian, Czy r\u0119kawice s\u0105 skuteczn\u0105 barier\u0105 dla zaka\u017ce\u0144 zwi\u0105zanych z opiek\u0105 zdrowotn\u0105, Zaka\u017cenia XXI wieku 2019;2(3) s. 157-162;<\/p>","innerContent":["\n<p class=\" eplus-wrapper\">1. Hanna Dole\u017cych-Teister, Gajne Martirosian, Czy r\u0119kawice s\u0105 skuteczn\u0105 barier\u0105 dla zaka\u017ce\u0144 zwi\u0105zanych z opiek\u0105 zdrowotn\u0105, Zaka\u017cenia XXI wieku 2019;2(3) s. 157-162;<\/p>\n"]},{"blockName":"core\/paragraph","attrs":{"epAnimationGeneratedClass":"edplus_anim-yeq42X","epGeneratedClass":"eplus-wrapper"},"innerBlocks":[],"innerHTML":"\n<p class=\" eplus-wrapper\">2. Tadeusz Rejmanowski, R\u0119kawiczki lekarskie w zarysie dziejowym. Historia medycyny, Meritum 4\/2007<\/p>\n","innerContent":["\n<p class=\" eplus-wrapper\">2. Tadeusz Rejmanowski, R\u0119kawiczki lekarskie w zarysie dziejowym. Historia medycyny, Meritum 4\/2007<\/p>\n"]},{"blockName":"core\/paragraph","attrs":{"epAnimationGeneratedClass":"edplus_anim-yWliv9","epGeneratedClass":"eplus-wrapper"},"innerBlocks":[],"innerHTML":"\n<p class=\" eplus-wrapper\">3. Rafa\u0142 Walas, Historia r\u0119kawiczek lekarskich, diabpolmed.pl (12.03.2018);<\/p>\n","innerContent":["\n<p class=\" eplus-wrapper\">3. Rafa\u0142 Walas, Historia r\u0119kawiczek lekarskich, diabpolmed.pl (12.03.2018);<\/p>\n"]},{"blockName":"core\/paragraph","attrs":{"epAnimationGeneratedClass":"edplus_anim-lOiyGF","epGeneratedClass":"eplus-wrapper"},"innerBlocks":[],"innerHTML":"\n<p class=\" eplus-wrapper\">&nbsp;<\/p>\n","innerContent":["\n<p class=\" eplus-wrapper\">&nbsp;<\/p>\n"]}],"meta_data":{"toc_selected_heading_levels":["h4"],"toc_enabled":true},"featured_image":false,"main_category":{"name":"R\u0119kawice"},"prev_page":{"slug":"rekawice-dla-stomatologa-czym-powinny-sie-charakteryzowac"},"next_page":{"slug":"rodzaje-rekawic-medycznych-jakie-wybrac"},"_links":{"self":[{"href":"https:\/\/www.skamex.com.pl\/index.php\/wp-json\/wp\/v2\/posts\/1070","targetHints":{"allow":["GET"]}}],"collection":[{"href":"https:\/\/www.skamex.com.pl\/index.php\/wp-json\/wp\/v2\/posts"}],"about":[{"href":"https:\/\/www.skamex.com.pl\/index.php\/wp-json\/wp\/v2\/types\/post"}],"author":[{"embeddable":true,"href":"https:\/\/www.skamex.com.pl\/index.php\/wp-json\/wp\/v2\/users\/1"}],"replies":[{"embeddable":true,"href":"https:\/\/www.skamex.com.pl\/index.php\/wp-json\/wp\/v2\/comments?post=1070"}],"version-history":[{"count":6,"href":"https:\/\/www.skamex.com.pl\/index.php\/wp-json\/wp\/v2\/posts\/1070\/revisions"}],"predecessor-version":[{"id":11843,"href":"https:\/\/www.skamex.com.pl\/index.php\/wp-json\/wp\/v2\/posts\/1070\/revisions\/11843"}],"wp:attachment":[{"href":"https:\/\/www.skamex.com.pl\/index.php\/wp-json\/wp\/v2\/media?parent=1070"}],"wp:term":[{"taxonomy":"category","embeddable":true,"href":"https:\/\/www.skamex.com.pl\/index.php\/wp-json\/wp\/v2\/categories?post=1070"},{"taxonomy":"post_tag","embeddable":true,"href":"https:\/\/www.skamex.com.pl\/index.php\/wp-json\/wp\/v2\/tags?post=1070"}],"curies":[{"name":"wp","href":"https:\/\/api.w.org\/{rel}","templated":true}]}}