{"id":10181,"date":"2024-06-06T15:48:24","date_gmt":"2024-06-06T13:48:24","guid":{"rendered":"https:\/\/new.skamex.com.pl\/?p=10181"},"modified":"2025-05-12T12:48:50","modified_gmt":"2025-05-12T10:48:50","slug":"uczestnictwo-w-wydarzeniach-2024","status":"publish","type":"post","link":"https:\/\/www.skamex.com.pl\/blog\/wydarzenia-biezace\/uczestnictwo-w-wydarzeniach-2024","title":{"rendered":"Uczestnictwo w wydarzeniach 2024"},"content":{"rendered":"\n<h4 class=\"wp-block-heading eplus-wrapper\">XII Og\u00f3lnopolski Zjazd Polskiego Stowarzyszenia Farmaceut\u00f3w Onkologicznych<\/h4>\n\n\n<p class=\" eplus-wrapper eplus-styles-uid-24b8d8\">W dni\u00adach 29 luty- 2 marzec 2024 uczest\u00adniczyli\u015bmy w XII Og\u00f3lnopol\u00adskim Zje\u017adzie Pol\u00adskiego Sto\u00adwarzyszenia Far\u00adma\u00adceut\u00f3w Onko\u00adlog\u00adicznych, kt\u00f3re odby\u0142o si\u0119 w Toruniu. Orga\u00adni\u00adza\u00adtorem wydarzenia by\u0142o <a href=\"https:\/\/www.facebook.com\/psfoorg?__cft__%5B0%5D=AZVJBMYWEeSgykohb4UBt6DqEAowajsvLMweafZdvvxdzN3WVj4bu9WReaaek4IJ70i4Dky4MzyrdcGc1Rryf9UUopWKjiQiRX12hMueYsIApzaBTHMF51QKNL5yvVBFamfC44AtT0vAiCCtAm7hALmZLZO4RVkc14CTGqRSp3JxP4LIhPsrdBf6_vvHXfDcjkZ1jQ_eN7_MAtAaydDIBdBM&amp;__tn__=-%5DK-R\">Pol\u00adskie Sto\u00adwarzysze\u00adnie Far\u00adma\u00adceut\u00f3w Onko\u00adlog\u00adicznych<\/a>. <img decoding=\"async\" height=\"16\" width=\"16\" src=\"https:\/\/static.xx.fbcdn.net\/images\/emoji.php\/v9\/tc3\/1\/16\/1fa7a.png\" alt=\"\ud83e\ude7a\"><br>Kon\u00adfer\u00adenc\u00adja by\u0142a dedykowana far\u00adma\u00adceu\u00adtom z ca\u0142ej Pol\u00ads\u00adki, kt\u00f3rych cz\u0119\u015b\u00adci\u0105 pra\u00adcy jest przy\u00adgo\u00adtowywanie lek\u00f3w cytostaty\u00adcznych. <img decoding=\"async\" height=\"16\" width=\"16\" src=\"https:\/\/static.xx.fbcdn.net\/images\/emoji.php\/v9\/tcd\/1\/16\/1f489.png\" alt=\"\ud83d\udc89\"><br>Nasze stoisko cieszy\u0142o si\u0119 ogrom\u00adnym zain\u00adtere\u00adsowaniem \u2014 za co Uczest\u00adnikom bard\u00adzo dzi\u0119ku\u00adje\u00admy!<br>Serdeczne podz\u00adi\u0119kowa\u00adnia r\u00f3wnie\u017c dla Orga\u00adni\u00adza\u00adtor\u00f3w!<\/p>\n\n\n<figure class=\"wp-block-gallery has-nested-images columns-default is-cropped eplus-wrapper wp-block-gallery-1 is-layout-flex wp-block-gallery-is-layout-flex\">\n<figure class=\"is-style-default wp-block-image size-full eplus-wrapper\"><img fetchpriority=\"high\" decoding=\"async\" width=\"600\" height=\"450\" data-id=\"10194\" src=\"https:\/\/www.skamex.com.pl\/wp-content\/uploads\/2024\/06\/image-3.jpeg\" alt class=\"wp-image-10194\" srcset=\"https:\/\/www.skamex.com.pl\/wp-content\/uploads\/2024\/06\/image-3.jpeg 600w, https:\/\/www.skamex.com.pl\/wp-content\/uploads\/2024\/06\/image-3-300x225.jpeg 300w, https:\/\/www.skamex.com.pl\/wp-content\/uploads\/2024\/06\/image-3-16x12.jpeg 16w\" sizes=\"(max-width: 600px) 100vw, 600px\"><\/figure>\n\n\n\n<figure class=\"wp-block-image size-full eplus-wrapper\"><img loading=\"lazy\" decoding=\"async\" width=\"600\" height=\"450\" data-id=\"10193\" src=\"https:\/\/www.skamex.com.pl\/wp-content\/uploads\/2024\/06\/image-2.jpeg\" alt class=\"wp-image-10193\" srcset=\"https:\/\/www.skamex.com.pl\/wp-content\/uploads\/2024\/06\/image-2.jpeg 600w, https:\/\/www.skamex.com.pl\/wp-content\/uploads\/2024\/06\/image-2-300x225.jpeg 300w, https:\/\/www.skamex.com.pl\/wp-content\/uploads\/2024\/06\/image-2-16x12.jpeg 16w\" sizes=\"(max-width: 600px) 100vw, 600px\"><\/figure>\n\n\n\n<figure class=\"wp-block-image size-full eplus-wrapper\"><img loading=\"lazy\" decoding=\"async\" width=\"600\" height=\"450\" data-id=\"10192\" src=\"https:\/\/www.skamex.com.pl\/wp-content\/uploads\/2024\/06\/image-1.jpeg\" alt class=\"wp-image-10192\" srcset=\"https:\/\/www.skamex.com.pl\/wp-content\/uploads\/2024\/06\/image-1.jpeg 600w, https:\/\/www.skamex.com.pl\/wp-content\/uploads\/2024\/06\/image-1-300x225.jpeg 300w, https:\/\/www.skamex.com.pl\/wp-content\/uploads\/2024\/06\/image-1-16x12.jpeg 16w\" sizes=\"(max-width: 600px) 100vw, 600px\"><\/figure>\n<\/figure>\n\n\n\n<h4 class=\"wp-block-heading eplus-wrapper\">VII \u0141\u00f3dzkie Spotkanie Piel\u0119gniarek Operacyjnych<\/h4>\n\n\n<p class=\" eplus-wrapper eplus-styles-uid-24b8d8\">W dni\u00adach 7\u20138 mar\u00adca wzi\u0119li\u015bmy udzi\u00ada\u0142 w VII <a href=\"https:\/\/www.facebook.com\/lspo2018?__cft__%5B0%5D=AZWq-2uIBFQgLJgeFugXDj5aWmrsainr_y33rhUxrQntDLrGoq4JIZ869_HyyD8hDpOwnO0WS08me_lGbrtpTYW81bCF2NxP-Hv2V5J-JIN4ZyKQjnas9Ap70yrHUeaCX7wIhnF1nLEZkeSnDP7uU_8RVKiYeS4mcRY4szwqdCfefJXTf18bmN9OBBxQu8pwnYh2xDNCaZPfbwQ8DZcKDxHs&amp;__tn__=-%5DK-R\">\u0141\u00f3dzkie Spotkanie Piel\u0119g\u00adniarek Oper\u00ada\u00adcyjnych<\/a> orga\u00adni\u00adzowanym przez Komisj\u0119 Piel\u0119g\u00adniarek Oper\u00ada\u00adcyjnych OIP\u00adiP w \u0141odzi dla Instru\u00admen\u00adtar\u00adiuszek.<img loading=\"lazy\" decoding=\"async\" height=\"16\" width=\"16\" src=\"https:\/\/static.xx.fbcdn.net\/images\/emoji.php\/v9\/t9d\/1\/16\/1f469_200d_2695.png\" alt=\"\ud83d\udc69\u200d\u2695\ufe0f\"> Mieli\u015bmy przy\u00adjem\u00adno\u015b\u0107 by\u0107 wys\u00adtaw\u00adc\u0105 i part\u00adnerem tego wydarzenia. <img loading=\"lazy\" decoding=\"async\" height=\"16\" width=\"16\" src=\"https:\/\/static.xx.fbcdn.net\/images\/emoji.php\/v9\/t64\/1\/16\/1f91d.png\" alt=\"\ud83e\udd1d\"><br>Tem\u00adatem mar\u00adcowego spotka\u00adnia by\u0142o \u201cRobo\u00adt\u00ady\u00adka medy\u00adcz\u00adna jako wyzwanie dla piel\u0119g\u00adniarst\u00adwa oper\u00ada\u00adcyjnego\u201d. Pod\u00adczas dwud\u00adniowej kon\u00adfer\u00adencji odby\u0142y si\u0119 ses\u00adje naukowe zamyka\u00adj\u0105ce si\u0119 w tem\u00adatyce wydarzenia. Przy tym Uczest\u00adni\u00adcy mogli odwiedza\u0107 stoiska wys\u00adtaw\u00adc\u00f3w pro\u00adduk\u00adt\u00f3w medy\u00adcznych. Nasze stoisko cieszy\u0142o si\u0119 pozy\u00adty\u00adwnym odbiorem ze wzgl\u0119\u00addu na r\u00f3\u017cnorod\u00adno\u015b\u0107 ofer\u00adowanego przez nas asorty\u00admen\u00adtu. Dzi\u0119ku\u00adje\u00admy za obec\u00adno\u015b\u0107! <img loading=\"lazy\" decoding=\"async\" height=\"16\" width=\"16\" src=\"https:\/\/static.xx.fbcdn.net\/images\/emoji.php\/v9\/tfd\/1\/16\/1f64c.png\" alt=\"\ud83d\ude4c\"><\/p>\n\n\n<figure class=\"wp-block-gallery has-nested-images columns-default is-cropped eplus-wrapper wp-block-gallery-2 is-layout-flex wp-block-gallery-is-layout-flex\">\n<figure class=\"wp-block-image size-full eplus-wrapper\"><img loading=\"lazy\" decoding=\"async\" width=\"756\" height=\"1008\" data-id=\"10197\" src=\"https:\/\/www.skamex.com.pl\/wp-content\/uploads\/2024\/06\/image-6.jpeg\" alt=\"Mo\u017ce by\u0107 zdj\u0119ciem przedstawiaj\u0105cym 3 osoby, \u017celazko, szpital i tekst \u201eCST Staple bezbarierowy zakrzywiony t\u201d\" class=\"wp-image-10197\" srcset=\"https:\/\/www.skamex.com.pl\/wp-content\/uploads\/2024\/06\/image-6.jpeg 756w, https:\/\/www.skamex.com.pl\/wp-content\/uploads\/2024\/06\/image-6-225x300.jpeg 225w, https:\/\/www.skamex.com.pl\/wp-content\/uploads\/2024\/06\/image-6-9x12.jpeg 9w\" sizes=\"(max-width: 756px) 100vw, 756px\"><\/figure>\n\n\n\n<figure class=\"wp-block-image size-large eplus-wrapper\"><img loading=\"lazy\" decoding=\"async\" width=\"1024\" height=\"768\" data-id=\"10196\" src=\"https:\/\/www.skamex.com.pl\/wp-content\/uploads\/2024\/06\/image-5-1024x768.jpeg\" alt=\"Mo\u017ce by\u0107 zdj\u0119ciem przedstawiaj\u0105cym 5 os\u00f3b i tekst\" class=\"wp-image-10196\" srcset=\"https:\/\/www.skamex.com.pl\/wp-content\/uploads\/2024\/06\/image-5-1024x768.jpeg 1024w, https:\/\/www.skamex.com.pl\/wp-content\/uploads\/2024\/06\/image-5-300x225.jpeg 300w, https:\/\/www.skamex.com.pl\/wp-content\/uploads\/2024\/06\/image-5-768x576.jpeg 768w, https:\/\/www.skamex.com.pl\/wp-content\/uploads\/2024\/06\/image-5-1536x1152.jpeg 1536w, https:\/\/www.skamex.com.pl\/wp-content\/uploads\/2024\/06\/image-5-16x12.jpeg 16w, https:\/\/www.skamex.com.pl\/wp-content\/uploads\/2024\/06\/image-5.jpeg 2016w\" sizes=\"(max-width: 1024px) 100vw, 1024px\"><\/figure>\n\n\n\n<figure class=\"wp-block-image size-large eplus-wrapper\"><img loading=\"lazy\" decoding=\"async\" width=\"1008\" height=\"756\" data-id=\"10195\" src=\"https:\/\/www.skamex.com.pl\/wp-content\/uploads\/2024\/06\/image-4.jpeg\" alt=\"Mo\u017ce by\u0107 zdj\u0119ciem przedstawiaj\u0105cym 4 osoby i tekst\" class=\"wp-image-10195\" srcset=\"https:\/\/www.skamex.com.pl\/wp-content\/uploads\/2024\/06\/image-4.jpeg 1008w, https:\/\/www.skamex.com.pl\/wp-content\/uploads\/2024\/06\/image-4-300x225.jpeg 300w, https:\/\/www.skamex.com.pl\/wp-content\/uploads\/2024\/06\/image-4-768x576.jpeg 768w, https:\/\/www.skamex.com.pl\/wp-content\/uploads\/2024\/06\/image-4-16x12.jpeg 16w\" sizes=\"(max-width: 1008px) 100vw, 1008px\"><\/figure>\n<\/figure>\n\n\n\n<h4 class=\"wp-block-heading eplus-wrapper\">30. edycja KRAKDENT Mi\u0119dzynarodowe Targi Stomatologiczne<\/h4>\n\n\n<p class=\" eplus-wrapper eplus-styles-uid-24b8d8\">Po raz kole\u00adjny wzi\u0119li\u015bmy udzi\u00ada\u0142 w najwi\u0119k\u00adszej stom\u00ada\u00adto\u00adlog\u00adicznej imprezie tar\u00adgowej w Polsce \u2014 <a href=\"https:\/\/www.facebook.com\/targi.krakdent?__cft__%5B0%5D=AZXpOyCYzQV-1rgzmmQsps_au5w59UXk500EeybjmknDlMGt3pzL2RtKRodDUNrE_3qFkcr2mximGdLysOZ09_3OvS5bQkGIxS--1ZoLcxHq68ZDaay9SIAlVP3X2K3Da23DqfCmk_ZtxqPLgWx5BZ5OJxP3YI7SVpZyM0HnyqxnpbQbGPmIhKyIW8xBCSbfbel0ZqXbmQ8w55OyyJMrGNjJ&amp;__tn__=-%5DK-R\">KRAKDENT Mi\u0119dzy\u00adnar\u00ado\u00addowe Tar\u00adgi Stom\u00ada\u00adto\u00adlog\u00adiczne<\/a>. By\u0142a to jubileuszowa 30 edy\u00adc\u00adja, kt\u00f3ra odby\u0142a si\u0119 w dni\u00adach 11\u201313 kwiet\u00adnia w EXPO Krak\u00f3w.<img loading=\"lazy\" decoding=\"async\" height=\"16\" width=\"16\" src=\"https:\/\/static.xx.fbcdn.net\/images\/emoji.php\/v9\/t26\/1\/16\/1f9b7.png\" alt=\"\ud83e\uddb7\"> Prezen\u00adtowane przez nas i <a href=\"https:\/\/www.facebook.com\/dentsplysirona.brasil?__cft__%5B0%5D=AZXpOyCYzQV-1rgzmmQsps_au5w59UXk500EeybjmknDlMGt3pzL2RtKRodDUNrE_3qFkcr2mximGdLysOZ09_3OvS5bQkGIxS--1ZoLcxHq68ZDaay9SIAlVP3X2K3Da23DqfCmk_ZtxqPLgWx5BZ5OJxP3YI7SVpZyM0HnyqxnpbQbGPmIhKyIW8xBCSbfbel0ZqXbmQ8w55OyyJMrGNjJ&amp;__tn__=-%5DK-R\">Dentsply Sirona<\/a> nowo\u015b\u00adci cieszy\u0142y si\u0119 du\u017cym zain\u00adtere\u00adsowaniem.<img loading=\"lazy\" decoding=\"async\" height=\"16\" width=\"16\" src=\"https:\/\/static.xx.fbcdn.net\/images\/emoji.php\/v9\/ta5\/1\/16\/1f195.png\" alt=\"\ud83c\udd95\"> Dzi\u0119ku\u00adje\u00admy naszym sta\u0142ym oraz nowym klien\u00adtom za odwiedze\u00adnie naszego stoiska!<img loading=\"lazy\" decoding=\"async\" height=\"16\" width=\"16\" src=\"https:\/\/static.xx.fbcdn.net\/images\/emoji.php\/v9\/t64\/1\/16\/1f91d.png\" alt=\"\ud83e\udd1d\"><br>Dzi\u0119ku\u00adje\u00admy r\u00f3wnie\u017c Orga\u00adni\u00adza\u00adtorom za mo\u017cli\u00adwo\u015b\u0107 uczest\u00adnict\u00adwa w 30. Jubileuszu Targ\u00f3w KRAKDENT<img loading=\"lazy\" decoding=\"async\" height=\"16\" width=\"16\" src=\"https:\/\/static.xx.fbcdn.net\/images\/emoji.php\/v9\/t26\/1\/16\/1f9b7.png\" alt=\"\ud83e\uddb7\"><\/p>\n\n<div class=\"wp-block-image is-style-default\">\n<figure class=\"aligncenter size-full eplus-wrapper\"><img loading=\"lazy\" decoding=\"async\" width=\"450\" height=\"450\" src=\"https:\/\/www.skamex.com.pl\/wp-content\/uploads\/2024\/06\/image-8-edited.jpeg\" alt class=\"wp-image-10229\" srcset=\"https:\/\/www.skamex.com.pl\/wp-content\/uploads\/2024\/06\/image-8-edited.jpeg 450w, https:\/\/www.skamex.com.pl\/wp-content\/uploads\/2024\/06\/image-8-edited-300x300.jpeg 300w, https:\/\/www.skamex.com.pl\/wp-content\/uploads\/2024\/06\/image-8-edited-150x150.jpeg 150w, https:\/\/www.skamex.com.pl\/wp-content\/uploads\/2024\/06\/image-8-edited-12x12.jpeg 12w\" sizes=\"(max-width: 450px) 100vw, 450px\"><\/figure>\n<\/div>\n\n\n<h4 class=\"wp-block-heading eplus-wrapper\">ATP Akademickie Targi Pracy w \u0141odzi<\/h4>\n\n\n\n<p class=\" eplus-wrapper\">W dniu 18 kwiet\u00adnia wzi\u0119li\u015bmy udzi\u00ada\u0142 jako wys\u00adtaw\u00adcy w <a href=\"https:\/\/www.facebook.com\/ATP.Lodz?__cft__[0]=AZWpeHmN59ZosiWAFqeHJ4Vj1ICQb-8hhCeZGN_I6TIZzWreKSakAuobr7G4IIYE0nxnJG0RT0oj5unjDj7K3OoTiKNF8dGPHLXwpka8l8jwL0l5Axb5Je1J071oApNAcyh0zpreFgEIqbcDBTDY0uB9etf-tIJ6_O2Agr5fFCuf_FqAnS6-9xWvfHOpbyQjdtlCP6KGi8axPtPIx79xprxg&amp;__tn__=-]K-R\">ATP Aka\u00addemick\u00adie Tar\u00adgi Pra\u00adcy w \u0141odzi<\/a>, kt\u00f3re odby\u0142y si\u0119 w <a href=\"https:\/\/www.facebook.com\/LODZEXPO?__cft__[0]=AZWpeHmN59ZosiWAFqeHJ4Vj1ICQb-8hhCeZGN_I6TIZzWreKSakAuobr7G4IIYE0nxnJG0RT0oj5unjDj7K3OoTiKNF8dGPHLXwpka8l8jwL0l5Axb5Je1J071oApNAcyh0zpreFgEIqbcDBTDY0uB9etf-tIJ6_O2Agr5fFCuf_FqAnS6-9xWvfHOpbyQjdtlCP6KGi8axPtPIx79xprxg&amp;__tn__=-]K-R\">Expo-\u0141\u00f3d\u017a<\/a>. <img loading=\"lazy\" decoding=\"async\" height=\"16\" width=\"16\" src=\"https:\/\/static.xx.fbcdn.net\/images\/emoji.php\/v9\/t25\/1\/16\/1f393.png\" alt=\"\ud83c\udf93\"> Ju\u017c po raz kole\u00adjny mogli\u015b\u00adcie nas spotka\u0107 w dziale medy\u00adcznym. Cieszymy si\u0119, \u017ce mieli\u015bmy okazj\u0119 poz\u00adna\u0107 tylu m\u0142odych ludzi zain\u00adtere\u00adsowanych kari\u00ader\u0105 u nas. Dzi\u0119ku\u00adje\u00admy za tak liczne odwiedzanie naszego stoiska.<img loading=\"lazy\" decoding=\"async\" height=\"16\" width=\"16\" src=\"https:\/\/static.xx.fbcdn.net\/images\/emoji.php\/v9\/t64\/1\/16\/1f91d.png\" alt=\"\ud83e\udd1d\"><br>Dzi\u0119ku\u00adje\u00admy naszym Ambasadorom za obec\u00adno\u015b\u0107. Spisal\u00adi\u015b\u00adcie si\u0119 na medal! Wasza pomoc okaza\u00ad\u0142a si\u0119 bez\u00adcen\u00adna, a reprezen\u00adtac\u00adja naszej firmy na najwy\u017cszym poziomie.<img loading=\"lazy\" decoding=\"async\" height=\"16\" width=\"16\" src=\"https:\/\/static.xx.fbcdn.net\/images\/emoji.php\/v9\/tbe\/1\/16\/1f3c6.png\" alt=\"\ud83c\udfc6\"> Orga\u00adni\u00adza\u00adtorom ATP dzi\u0119ku\u00adje\u00admy za \u015bwiet\u00adnie przeprowad\u00adzone wydarze\u00adnie i zad\u00adban\u00adie o ka\u017cdy szczeg\u00f3\u0142.<img loading=\"lazy\" decoding=\"async\" height=\"16\" width=\"16\" src=\"https:\/\/static.xx.fbcdn.net\/images\/emoji.php\/v9\/tfe\/1\/16\/1f44f.png\" alt=\"\ud83d\udc4f\"><\/p>\n\n\n\n<figure class=\"wp-block-gallery aligncenter has-nested-images columns-default is-cropped eplus-wrapper wp-block-gallery-3 is-layout-flex wp-block-gallery-is-layout-flex\">\n<figure class=\"wp-block-image size-large eplus-wrapper\"><img loading=\"lazy\" decoding=\"async\" width=\"1024\" height=\"683\" data-id=\"10203\" src=\"https:\/\/www.skamex.com.pl\/wp-content\/uploads\/2024\/06\/image-12-1024x683.jpeg\" alt=\"Mo\u017ce by\u0107 zdj\u0119ciem przedstawiaj\u0105cym 5 os\u00f3b i tekst\" class=\"wp-image-10203\" srcset=\"https:\/\/www.skamex.com.pl\/wp-content\/uploads\/2024\/06\/image-12-1024x683.jpeg 1024w, https:\/\/www.skamex.com.pl\/wp-content\/uploads\/2024\/06\/image-12-300x200.jpeg 300w, https:\/\/www.skamex.com.pl\/wp-content\/uploads\/2024\/06\/image-12-768x512.jpeg 768w, https:\/\/www.skamex.com.pl\/wp-content\/uploads\/2024\/06\/image-12-1536x1024.jpeg 1536w, https:\/\/www.skamex.com.pl\/wp-content\/uploads\/2024\/06\/image-12-18x12.jpeg 18w, https:\/\/www.skamex.com.pl\/wp-content\/uploads\/2024\/06\/image-12.jpeg 2048w\" sizes=\"(max-width: 1024px) 100vw, 1024px\"><\/figure>\n\n\n\n<figure class=\"wp-block-image size-large eplus-wrapper\"><img loading=\"lazy\" decoding=\"async\" width=\"683\" height=\"1024\" data-id=\"10202\" src=\"https:\/\/www.skamex.com.pl\/wp-content\/uploads\/2024\/06\/image-11-683x1024.jpeg\" alt=\"Mo\u017ce by\u0107 zdj\u0119ciem przedstawiaj\u0105cym 5 os\u00f3b i tekst\" class=\"wp-image-10202\" srcset=\"https:\/\/www.skamex.com.pl\/wp-content\/uploads\/2024\/06\/image-11-683x1024.jpeg 683w, https:\/\/www.skamex.com.pl\/wp-content\/uploads\/2024\/06\/image-11-200x300.jpeg 200w, https:\/\/www.skamex.com.pl\/wp-content\/uploads\/2024\/06\/image-11-768x1152.jpeg 768w, https:\/\/www.skamex.com.pl\/wp-content\/uploads\/2024\/06\/image-11-1024x1536.jpeg 1024w, https:\/\/www.skamex.com.pl\/wp-content\/uploads\/2024\/06\/image-11-8x12.jpeg 8w, https:\/\/www.skamex.com.pl\/wp-content\/uploads\/2024\/06\/image-11.jpeg 1365w\" sizes=\"(max-width: 683px) 100vw, 683px\"><\/figure>\n\n\n\n<figure class=\"wp-block-image size-large eplus-wrapper\"><img loading=\"lazy\" decoding=\"async\" width=\"1024\" height=\"683\" data-id=\"10201\" src=\"https:\/\/www.skamex.com.pl\/wp-content\/uploads\/2024\/06\/image-10-1024x683.jpeg\" alt=\"Mo\u017ce by\u0107 zdj\u0119ciem przedstawiaj\u0105cym 7 os\u00f3b, t\u0142um i tekst \u201eSWIETSA WE 0 Miejsce do\u015bwiadczenie \u0142acz\u0105ce ch\u1ec7c \u00a1ch\u0119crozwoju rozwoju \u3068 \u1014\u1000\u1019\u1042 adidas\u201d\" class=\"wp-image-10201\" srcset=\"https:\/\/www.skamex.com.pl\/wp-content\/uploads\/2024\/06\/image-10-1024x683.jpeg 1024w, https:\/\/www.skamex.com.pl\/wp-content\/uploads\/2024\/06\/image-10-300x200.jpeg 300w, https:\/\/www.skamex.com.pl\/wp-content\/uploads\/2024\/06\/image-10-768x512.jpeg 768w, https:\/\/www.skamex.com.pl\/wp-content\/uploads\/2024\/06\/image-10-1536x1024.jpeg 1536w, https:\/\/www.skamex.com.pl\/wp-content\/uploads\/2024\/06\/image-10-18x12.jpeg 18w, https:\/\/www.skamex.com.pl\/wp-content\/uploads\/2024\/06\/image-10.jpeg 2048w\" sizes=\"(max-width: 1024px) 100vw, 1024px\"><\/figure>\n<\/figure>\n\n\n\n<h4 class=\"wp-block-heading eplus-wrapper\">Urology Boot Camp 2024<\/h4>\n\n\n<p class=\" eplus-wrapper eplus-styles-uid-24b8d8\">W kwiet\u00adniu wzi\u0119li\u015bmy udzi\u00ada\u0142 w warsz\u00adtat\u00adach Urol\u00ado\u00adgy Boot Camp 2024, kt\u00f3re odby\u0142y si\u0119 w Szpi\u00adtalu \u015awi\u0119tego \u0141ukasza w Byd\u00adgoszczy. To ju\u017c trze\u00adcia edy\u00adc\u00adja szkole\u00adnia zor\u00adga\u00adni\u00adzowanego przez Klinik\u0119 Urologii dla m\u0142odych rezy\u00adden\u00adt\u00f3w urologii. Byli\u015bmy dla nich wspar\u00adciem mery\u00adto\u00adrycznym i pro\u00adduk\u00adtowym przy zabiegu RIRS. <img loading=\"lazy\" decoding=\"async\" height=\"16\" width=\"16\" src=\"https:\/\/static.xx.fbcdn.net\/images\/emoji.php\/v9\/t64\/1\/16\/1f91d.png\" alt=\"\ud83e\udd1d\"><br>Dzi\u0119ku\u00adje\u00admy uczest\u00adnikom za obec\u00adno\u015b\u0107 i zaan\u00adga\u017cowanie. <img loading=\"lazy\" decoding=\"async\" height=\"16\" width=\"16\" src=\"https:\/\/static.xx.fbcdn.net\/images\/emoji.php\/v9\/tfe\/1\/16\/1f44f.png\" alt=\"\ud83d\udc4f\"><\/p>\n\n\n<figure class=\"wp-block-gallery aligncenter has-nested-images columns-default is-cropped eplus-wrapper wp-block-gallery-4 is-layout-flex wp-block-gallery-is-layout-flex\">\n<figure class=\"wp-block-image size-large eplus-wrapper\"><img loading=\"lazy\" decoding=\"async\" width=\"1024\" height=\"768\" data-id=\"10205\" src=\"https:\/\/www.skamex.com.pl\/wp-content\/uploads\/2024\/06\/image-14-1024x768.jpeg\" alt=\"Mo\u017ce by\u0107 zdj\u0119ciem przedstawiaj\u0105cym 1 osoba, szpital i tekst\" class=\"wp-image-10205\" srcset=\"https:\/\/www.skamex.com.pl\/wp-content\/uploads\/2024\/06\/image-14-1024x768.jpeg 1024w, https:\/\/www.skamex.com.pl\/wp-content\/uploads\/2024\/06\/image-14-300x225.jpeg 300w, https:\/\/www.skamex.com.pl\/wp-content\/uploads\/2024\/06\/image-14-768x576.jpeg 768w, https:\/\/www.skamex.com.pl\/wp-content\/uploads\/2024\/06\/image-14-1536x1152.jpeg 1536w, https:\/\/www.skamex.com.pl\/wp-content\/uploads\/2024\/06\/image-14-16x12.jpeg 16w, https:\/\/www.skamex.com.pl\/wp-content\/uploads\/2024\/06\/image-14.jpeg 2048w\" sizes=\"(max-width: 1024px) 100vw, 1024px\"><\/figure>\n\n\n\n<figure class=\"wp-block-image size-large eplus-wrapper\"><img loading=\"lazy\" decoding=\"async\" width=\"1024\" height=\"768\" data-id=\"10204\" src=\"https:\/\/www.skamex.com.pl\/wp-content\/uploads\/2024\/06\/image-13-1024x768.jpeg\" alt=\"Mo\u017ce by\u0107 zdj\u0119ciem przedstawiaj\u0105cym 1 osoba i tekst\" class=\"wp-image-10204\" srcset=\"https:\/\/www.skamex.com.pl\/wp-content\/uploads\/2024\/06\/image-13-1024x768.jpeg 1024w, https:\/\/www.skamex.com.pl\/wp-content\/uploads\/2024\/06\/image-13-300x225.jpeg 300w, https:\/\/www.skamex.com.pl\/wp-content\/uploads\/2024\/06\/image-13-768x576.jpeg 768w, https:\/\/www.skamex.com.pl\/wp-content\/uploads\/2024\/06\/image-13-1536x1152.jpeg 1536w, https:\/\/www.skamex.com.pl\/wp-content\/uploads\/2024\/06\/image-13-16x12.jpeg 16w, https:\/\/www.skamex.com.pl\/wp-content\/uploads\/2024\/06\/image-13.jpeg 2048w\" sizes=\"(max-width: 1024px) 100vw, 1024px\"><\/figure>\n<\/figure>\n\n\n\n<h4 class=\"wp-block-heading eplus-wrapper\">V Wroc\u0142awskie Sympozjum Piel\u0119gniarek Operacyjnych<\/h4>\n\n\n<p class=\" eplus-wrapper eplus-styles-uid-24b8d8\">W dni\u00adach 10\u201311 maja mieli\u015bmy przy\u00adjem\u00adno\u015b\u0107 wzi\u0105\u0107 udzi\u00ada\u0142 jako Part\u00adner w V Wroc\u0142awskim Sym\u00adpozjum Piel\u0119g\u00adniarek Oper\u00ada\u00adcyjnych orga\u00adni\u00adzowanym przez <a href=\"https:\/\/www.facebook.com\/profile.php?id=100064791006105&amp;__cft__%5B0%5D=AZXFK_Ghx5LwLnkeGAshIAYa9wLvMWuBmXvkSUYpfW_5mZ39ZE9uqcQ3C2GxKMhlEbfkVF9nFQwtttg6qf9LejFO3O2Fod3OdP8vst37xQWdDSHAsszpTsgnRiXnMxfrpBtRC4xm2DurV1U8k1yXR1iIdDd7iUKq2p7jxYa3W-cZ_fUKuRBKRFXxv_JVzuwYdhNjHkg7D4-4ZspDB00oUq9w&amp;__tn__=-%5DK-R\">Og\u00f3lnopol\u00adskie Sto\u00adwarzysze\u00adnie Instru\u00admen\u00adtar\u00adiuszek<\/a> we Wroc\u0142aw\u00adiu. Tem\u00adatem kon\u00adfer\u00adencji by\u0142o \u201cPrzysz\u0142o\u015b\u0107 Piel\u0119g\u00adniarst\u00adwa Oper\u00ada\u00adcyjnego: Trendy i Per\u00adspek\u00adty\u00adwy\u201d. <img decoding=\"async\" height=\"16\" width=\"16\" src=\"https:\/\/static.xx.fbcdn.net\/images\/emoji.php\/v9\/tc3\/1\/16\/1fa7a.png\" alt=\"\ud83e\ude7a\"><br>Na naszym stoisku zaprezen\u00adtowal\u00adi\u015bmy r\u00f3\u017cnorod\u00adny asorty\u00adment z zakre\u00adsu chirurgii, m.in. r\u0119kaw\u00adice diag\u00adnos\u00adty\u00adczne, chirur\u00adgiczne, jed\u00adno\u00adra\u00adzowe ko\u0144c\u00f3w\u00adki do odsysa\u00adnia, mas\u00adki dla bro\u00addaczy czy czep\u00adki typu beret. Dzi\u0119ku\u00adje\u00admy Uczest\u00adnikom za odwiedziny i zain\u00adtere\u00adsowanie prezen\u00adtowany\u00admi pro\u00adduk\u00adta\u00admi. <img loading=\"lazy\" decoding=\"async\" height=\"16\" width=\"16\" src=\"https:\/\/static.xx.fbcdn.net\/images\/emoji.php\/v9\/t64\/1\/16\/1f91d.png\" alt=\"\ud83e\udd1d\"><br><\/p>\n\n\n<figure class=\"wp-block-gallery has-nested-images columns-default is-cropped eplus-wrapper wp-block-gallery-5 is-layout-flex wp-block-gallery-is-layout-flex\">\n<figure class=\"wp-block-image size-large eplus-wrapper\"><img loading=\"lazy\" decoding=\"async\" width=\"1024\" height=\"768\" data-id=\"10207\" src=\"https:\/\/www.skamex.com.pl\/wp-content\/uploads\/2024\/06\/image-16-1024x768.jpeg\" alt=\"Mo\u017ce by\u0107 zdj\u0119ciem przedstawiaj\u0105cym 5 os\u00f3b i tekst \u201eJako\u015b\u0107 bezpiecze\u0144stwo enstwo trasce bezpie skamex P \u0dad\u0dd2\u0db8 \ubcf4\u201d\" class=\"wp-image-10207\" srcset=\"https:\/\/www.skamex.com.pl\/wp-content\/uploads\/2024\/06\/image-16-1024x768.jpeg 1024w, https:\/\/www.skamex.com.pl\/wp-content\/uploads\/2024\/06\/image-16-300x225.jpeg 300w, https:\/\/www.skamex.com.pl\/wp-content\/uploads\/2024\/06\/image-16-768x576.jpeg 768w, https:\/\/www.skamex.com.pl\/wp-content\/uploads\/2024\/06\/image-16-1536x1152.jpeg 1536w, https:\/\/www.skamex.com.pl\/wp-content\/uploads\/2024\/06\/image-16-16x12.jpeg 16w, https:\/\/www.skamex.com.pl\/wp-content\/uploads\/2024\/06\/image-16.jpeg 2048w\" sizes=\"(max-width: 1024px) 100vw, 1024px\"><\/figure>\n\n\n\n<figure class=\"wp-block-image size-large eplus-wrapper\"><img loading=\"lazy\" decoding=\"async\" width=\"1024\" height=\"768\" data-id=\"10206\" src=\"https:\/\/www.skamex.com.pl\/wp-content\/uploads\/2024\/06\/image-15-1024x768.jpeg\" alt=\"Mo\u017ce by\u0107 zdj\u0119ciem przedstawiaj\u0105cym 4 osoby i tekst\" class=\"wp-image-10206\" srcset=\"https:\/\/www.skamex.com.pl\/wp-content\/uploads\/2024\/06\/image-15-1024x768.jpeg 1024w, https:\/\/www.skamex.com.pl\/wp-content\/uploads\/2024\/06\/image-15-300x225.jpeg 300w, https:\/\/www.skamex.com.pl\/wp-content\/uploads\/2024\/06\/image-15-768x576.jpeg 768w, https:\/\/www.skamex.com.pl\/wp-content\/uploads\/2024\/06\/image-15-1536x1152.jpeg 1536w, https:\/\/www.skamex.com.pl\/wp-content\/uploads\/2024\/06\/image-15-16x12.jpeg 16w, https:\/\/www.skamex.com.pl\/wp-content\/uploads\/2024\/06\/image-15.jpeg 2048w\" sizes=\"(max-width: 1024px) 100vw, 1024px\"><\/figure>\n<\/figure>\n\n\n\n<h4 class=\"wp-block-heading eplus-wrapper\">XXIII Konferencja Naukowo \u2014 Szkoleniowej \u015al\u0105skiego Oddzia\u0142u PTPAiIO<\/h4>\n\n\n<p class=\" eplus-wrapper eplus-styles-uid-24b8d8\">W dni\u00adach 23\u201325 maja wzi\u0119li\u015bmy udzi\u00ada\u0142 w XXIII Kon\u00adfer\u00adencji Naukowo \u2014 Szkole\u00adniowej \u015al\u0105skiego Odd\u00adzi\u00ada\u0142u <a href=\"https:\/\/www.facebook.com\/PTPAiIO2023?__cft__%5B0%5D=AZUl7OtA5Hk2pke5B5oTUlr8zaMqVY0Z-tk5LJKVDlT3wtAA2A428gzhktJsHXnkO3W1h8wlcSrHfLbgJRWCmErCY-W8O4zG9fsihlCmyzGrHHiQXEflsIGLrCeAH-ZdxpqAuba2ZCMJKx80j_jO-XboBNbQXKOHq0YEwbLYzS7zl0HF-T9vOoSq38G5rdFyibOYvQXpySzZKl5LxInTrh8E&amp;__tn__=-%5DK-R\">Pol\u00adskie Towarzyst\u00adwo Piel\u0119g\u00adniarek Anestezjo\u00adlog\u00adicznych i Inten\u00adsy\u00adwnej Opie\u00adki<\/a>, zor\u00adga\u00adni\u00adzowanej przez <a href=\"https:\/\/www.facebook.com\/medspace.konferencje?__cft__%5B0%5D=AZUl7OtA5Hk2pke5B5oTUlr8zaMqVY0Z-tk5LJKVDlT3wtAA2A428gzhktJsHXnkO3W1h8wlcSrHfLbgJRWCmErCY-W8O4zG9fsihlCmyzGrHHiQXEflsIGLrCeAH-ZdxpqAuba2ZCMJKx80j_jO-XboBNbQXKOHq0YEwbLYzS7zl0HF-T9vOoSq38G5rdFyibOYvQXpySzZKl5LxInTrh8E&amp;__tn__=-%5DK-R\">MED SPACE<\/a>. Tem\u00adatem prze\u00adwod\u00adnim tegorocznej edy\u00adcji by\u0142a \u201cAktu\u00adal\u00adna rzeczy\u00adwis\u00adto\u015b\u0107 w piel\u0119g\u00adniarst\u00adwie anestezjo\u00adlog\u00adicznym i inten\u00adsy\u00adwnej opiece\u201d. <img decoding=\"async\" height=\"16\" width=\"16\" src=\"https:\/\/static.xx.fbcdn.net\/images\/emoji.php\/v9\/tc3\/1\/16\/1fa7a.png\" alt=\"\ud83e\ude7a\"><\/p>\n\n<p class=\" eplus-wrapper eplus-styles-uid-24b8d8\">Mieli\u015bmy wsp\u00f3lne stoisko z fir\u00adm\u0105 <a href=\"https:\/\/www.facebook.com\/StrykerSage?__cft__%5B0%5D=AZUl7OtA5Hk2pke5B5oTUlr8zaMqVY0Z-tk5LJKVDlT3wtAA2A428gzhktJsHXnkO3W1h8wlcSrHfLbgJRWCmErCY-W8O4zG9fsihlCmyzGrHHiQXEflsIGLrCeAH-ZdxpqAuba2ZCMJKx80j_jO-XboBNbQXKOHq0YEwbLYzS7zl0HF-T9vOoSq38G5rdFyibOYvQXpySzZKl5LxInTrh8E&amp;__tn__=-%5DK-R\">Stryk\u00ader Sage<\/a>, kt\u00f3rej pro\u00adduk\u00adty s\u0105 dost\u0119p\u00adne w naszej ofer\u00adcie. Pod\u00adczas kon\u00adfer\u00adencji mogli\u015bmy je zaprezen\u00adtowa\u0107 <a><\/a>odwiedza\u00adj\u0105\u00adcym.<\/p>\n\n\n<p class=\" eplus-wrapper\">Dzi\u0119ku\u00adje\u00admy za tak du\u017ce zain\u00adtere\u00adsowaniem naszym stoiskiem! <img loading=\"lazy\" decoding=\"async\" height=\"16\" width=\"16\" src=\"https:\/\/static.xx.fbcdn.net\/images\/emoji.php\/v9\/t64\/1\/16\/1f91d.png\" alt=\"\ud83e\udd1d\"><\/p>\n\n\n\n<figure class=\"wp-block-gallery has-nested-images columns-default is-cropped eplus-wrapper wp-block-gallery-6 is-layout-flex wp-block-gallery-is-layout-flex\">\n<figure class=\"wp-block-image size-large eplus-wrapper\"><img loading=\"lazy\" decoding=\"async\" width=\"1024\" height=\"768\" data-id=\"10382\" src=\"https:\/\/www.skamex.com.pl\/wp-content\/uploads\/2024\/06\/IMG-20240523-WA0008-1024x768.jpg\" alt class=\"wp-image-10382\" srcset=\"https:\/\/www.skamex.com.pl\/wp-content\/uploads\/2024\/06\/IMG-20240523-WA0008-1024x768.jpg 1024w, https:\/\/www.skamex.com.pl\/wp-content\/uploads\/2024\/06\/IMG-20240523-WA0008-300x225.jpg 300w, https:\/\/www.skamex.com.pl\/wp-content\/uploads\/2024\/06\/IMG-20240523-WA0008-768x576.jpg 768w, https:\/\/www.skamex.com.pl\/wp-content\/uploads\/2024\/06\/IMG-20240523-WA0008-1536x1152.jpg 1536w, https:\/\/www.skamex.com.pl\/wp-content\/uploads\/2024\/06\/IMG-20240523-WA0008-16x12.jpg 16w, https:\/\/www.skamex.com.pl\/wp-content\/uploads\/2024\/06\/IMG-20240523-WA0008.jpg 1600w\" sizes=\"(max-width: 1024px) 100vw, 1024px\"><\/figure>\n\n\n\n<figure class=\"wp-block-image size-large eplus-wrapper\"><img loading=\"lazy\" decoding=\"async\" width=\"1024\" height=\"462\" data-id=\"10383\" src=\"https:\/\/www.skamex.com.pl\/wp-content\/uploads\/2024\/06\/20240523_150553-1024x462.jpg\" alt class=\"wp-image-10383\" srcset=\"https:\/\/www.skamex.com.pl\/wp-content\/uploads\/2024\/06\/20240523_150553-1024x462.jpg 1024w, https:\/\/www.skamex.com.pl\/wp-content\/uploads\/2024\/06\/20240523_150553-300x135.jpg 300w, https:\/\/www.skamex.com.pl\/wp-content\/uploads\/2024\/06\/20240523_150553-768x346.jpg 768w, https:\/\/www.skamex.com.pl\/wp-content\/uploads\/2024\/06\/20240523_150553-1536x692.jpg 1536w, https:\/\/www.skamex.com.pl\/wp-content\/uploads\/2024\/06\/20240523_150553-2048x923.jpg 2048w, https:\/\/www.skamex.com.pl\/wp-content\/uploads\/2024\/06\/20240523_150553-18x8.jpg 18w\" sizes=\"(max-width: 1024px) 100vw, 1024px\"><\/figure>\n<\/figure>\n\n\n\n<h4 class=\"wp-block-heading eplus-wrapper\">III Forum Piel\u0119gniarstwa Anestezjologicznego w Zakopanem<\/h4>\n\n\n<p class=\" eplus-wrapper eplus-styles-uid-24b8d8\">W dni\u00adach 5\u20137 czer\u00adw\u00adca odby\u0142o si\u0119 III Forum Piel\u0119g\u00adniarst\u00adwa Anestezjo\u00adlog\u00adicznego w Zakopanem. Frek\u00adwenc\u00adja, jak na ka\u017cdej edy\u00adcji tego wydarzenia, by\u0142a znakomi\u00adta. Nasze stoisko cieszy\u0142o si\u0119 ogrom\u00adnym zain\u00adtere\u00adsowaniem, za co serdecznie dzi\u0119ku\u00adje\u00admy wszys\u00adtkim odwiedza\u00adj\u0105\u00adcym. <img loading=\"lazy\" decoding=\"async\" height=\"16\" width=\"16\" alt=\"\ud83e\udd1d\" src=\"https:\/\/static.xx.fbcdn.net\/images\/emoji.php\/v9\/t64\/1\/16\/1f91d.png\"><\/p>\n\n<p class=\" eplus-wrapper eplus-styles-uid-24b8d8\">Dodatkowo mieli\u015bmy okazj\u0119 wsp\u00f3l\u00adnie z fir\u00adm\u0105 <a href=\"https:\/\/www.facebook.com\/StrykerSage?__cft__%5B0%5D=AZWNUKbfkFsv4B1Iz_-T7CMFdH4SiN5kfkqodwXnC-fH1XsV_uKpOS_wm22FB9KphmMshKoa3Dcm8Fk1JJ6ZwiDEf0ru0fC8uno2eBoW2fEjiZnWTFXSug4wiMmaJKurgVAQLt_eElIT5sA5A37O9GwAoOTqxxD3I79cXiktwgSNwpO1d0E6A8YLwjNHorbxbRnDpt-5Q04iiwdcxqyEZBPJ&amp;__tn__=-%5DK-R\">Stryk\u00ader Sage<\/a> przeprowadz\u00adi\u0107 warsz\u00adtaty zwi\u0105zane z ergonomi\u0105 pra\u00adcy per\u00adson\u00adelu medy\u00adcznego, prewencji uraz\u00f3w oraz repozy\u00adcjonowa\u00adnia pac\u00adjen\u00adta i zapo\u00adb\u00adie\u00adga\u00adniu odle\u017cynom. <img loading=\"lazy\" decoding=\"async\" height=\"16\" width=\"16\" src=\"https:\/\/static.xx.fbcdn.net\/images\/emoji.php\/v9\/t94\/1\/16\/1f469_200d_1f3eb.png\" alt=\"\ud83d\udc69\u200d\ud83c\udfeb\"><\/p>\n\n<section class=\"photo-carousel alignfull section-margin-xl overflow-hidden\">\n\n    <header class=\"container\">\n            <\/header>\n\n            <div class=\"photoCarousel-slider splide relative after:content=[''] after:block after:absolute after:inte\">\n            <div class=\"splide__track\">\n                <ul class=\"splide__list flex\">\n                                            <li class=\"item splide__slide even:w-20\">\n                            \n    \n        \n    \n    <figure class=\"overflow-hidden \">\n\n        <img decoding=\"async\" src=\"https:\/\/www.skamex.com.pl\/wp-content\/uploads\/2024\/06\/Zakopane-2-scaled.jpg\" sizes=\"(max-width: 600px) 100vw, (max-width: 1024px) 50vw, 800px\" srcset=\"https:\/\/www.skamex.com.pl\/wp-content\/uploads\/2024\/06\/Zakopane-2-scaled.jpg 1920w, https:\/\/www.skamex.com.pl\/wp-content\/uploads\/2024\/06\/Zakopane-2-225x300.jpg 225w, https:\/\/www.skamex.com.pl\/wp-content\/uploads\/2024\/06\/Zakopane-2-768x1024.jpg 768w, https:\/\/www.skamex.com.pl\/wp-content\/uploads\/2024\/06\/Zakopane-2-1152x1536.jpg 1152w, https:\/\/www.skamex.com.pl\/wp-content\/uploads\/2024\/06\/Zakopane-2-1536x2048.jpg 1536w, https:\/\/www.skamex.com.pl\/wp-content\/uploads\/2024\/06\/Zakopane-2-9x12.jpg 9w\" alt class=\"h-full w-full object-cover h-full w-full object-cover rounded-10\" loading=\"lazy\">\n\n    <\/figure>\n    \n\n    \n                        <\/li>\n                                            <li class=\"item splide__slide even:w-20\">\n                            \n    \n        \n    \n    <figure class=\"overflow-hidden \">\n\n        <img decoding=\"async\" src=\"https:\/\/www.skamex.com.pl\/wp-content\/uploads\/2024\/06\/IMG-20240610-WA0037.jpg\" sizes=\"(max-width: 600px) 100vw, (max-width: 1024px) 50vw, 800px\" srcset=\"https:\/\/www.skamex.com.pl\/wp-content\/uploads\/2024\/06\/IMG-20240610-WA0037.jpg 1536w, https:\/\/www.skamex.com.pl\/wp-content\/uploads\/2024\/06\/IMG-20240610-WA0037-225x300.jpg 225w, https:\/\/www.skamex.com.pl\/wp-content\/uploads\/2024\/06\/IMG-20240610-WA0037-768x1024.jpg 768w, https:\/\/www.skamex.com.pl\/wp-content\/uploads\/2024\/06\/IMG-20240610-WA0037-1152x1536.jpg 1152w, https:\/\/www.skamex.com.pl\/wp-content\/uploads\/2024\/06\/IMG-20240610-WA0037-9x12.jpg 9w\" alt class=\"h-full w-full object-cover h-full w-full object-cover rounded-10\" loading=\"lazy\">\n\n    <\/figure>\n    \n\n    \n                        <\/li>\n                                            <li class=\"item splide__slide even:w-20\">\n                            \n    \n        \n    \n    <figure class=\"overflow-hidden \">\n\n        <img decoding=\"async\" src=\"https:\/\/www.skamex.com.pl\/wp-content\/uploads\/2024\/06\/20240606_100435-scaled.jpg\" sizes=\"(max-width: 600px) 100vw, (max-width: 1024px) 50vw, 800px\" srcset=\"https:\/\/www.skamex.com.pl\/wp-content\/uploads\/2024\/06\/20240606_100435-scaled.jpg 2560w, https:\/\/www.skamex.com.pl\/wp-content\/uploads\/2024\/06\/20240606_100435-300x135.jpg 300w, https:\/\/www.skamex.com.pl\/wp-content\/uploads\/2024\/06\/20240606_100435-1024x462.jpg 1024w, https:\/\/www.skamex.com.pl\/wp-content\/uploads\/2024\/06\/20240606_100435-768x346.jpg 768w, https:\/\/www.skamex.com.pl\/wp-content\/uploads\/2024\/06\/20240606_100435-1536x692.jpg 1536w, https:\/\/www.skamex.com.pl\/wp-content\/uploads\/2024\/06\/20240606_100435-2048x923.jpg 2048w, https:\/\/www.skamex.com.pl\/wp-content\/uploads\/2024\/06\/20240606_100435-18x8.jpg 18w\" alt class=\"h-full w-full object-cover h-full w-full object-cover rounded-10\" loading=\"lazy\">\n\n    <\/figure>\n    \n\n    \n                        <\/li>\n                                    <\/ul>\n            <\/div>\n        <\/div>\n    \n<\/section>\n\n\n\n<h4 class=\"wp-block-heading eplus-wrapper\">XV Jubileuszowa Dolno\u015bl\u0105ska Konferencja Szkoleniowo-Naukowa Piel\u0119gniarek i Po\u0142o\u017cnych Onkologicznych<\/h4>\n\n\n<p class=\" eplus-wrapper eplus-styles-uid-24b8d8\">W czer\u00adw\u00adcu nie zwal\u00adni\u00adamy tem\u00adpa. W dni\u00adach 14\u201315 czer\u00adw\u00adca bral\u00adi\u015bmy udzi\u00ada\u0142 w XV Jubileuszowej Dol\u00adno\u015bl\u0105skiej Kon\u00adfer\u00adencji Szkole\u00adniowo-Naukowej Piel\u0119g\u00adniarek i Po\u0142o\u017cnych Onko\u00adlog\u00adicznych. Ju\u017c od wielu lat jeste\u015bmy wys\u00adtaw\u00adc\u0105 na tym wydarze\u00adniu. W tym roku kon\u00adfer\u00adenc\u00adja odby\u0142a si\u0119 w Piechow\u00adicach. <img loading=\"lazy\" decoding=\"async\" height=\"16\" width=\"16\" alt=\"\ud83e\ude7a\" src=\"https:\/\/static.xx.fbcdn.net\/images\/emoji.php\/v9\/tc3\/1\/16\/1fa7a.png\"><\/p>\n\n\n<p class=\" eplus-wrapper\">Cieszymy si\u0119, \u017ce uczest\u00adni\u00adcy tak licznie odwiedzili nasze stoisko! <img loading=\"lazy\" decoding=\"async\" height=\"16\" width=\"16\" src=\"https:\/\/static.xx.fbcdn.net\/images\/emoji.php\/v9\/t64\/1\/16\/1f91d.png\" alt=\"\ud83e\udd1d\"><\/p>\n\n\n\n    \n        \n    \n    <figure class=\"overflow-hidden \">\n\n        <img decoding=\"async\" src=\"https:\/\/www.skamex.com.pl\/wp-content\/uploads\/2024\/06\/Piechowice1-scaled.jpg\" sizes=\"(max-width: 600px) 100vw, (max-width: 1024px) 50vw, 800px\" srcset=\"https:\/\/www.skamex.com.pl\/wp-content\/uploads\/2024\/06\/Piechowice1-scaled.jpg 1920w, https:\/\/www.skamex.com.pl\/wp-content\/uploads\/2024\/06\/Piechowice1-225x300.jpg 225w, https:\/\/www.skamex.com.pl\/wp-content\/uploads\/2024\/06\/Piechowice1-768x1024.jpg 768w, https:\/\/www.skamex.com.pl\/wp-content\/uploads\/2024\/06\/Piechowice1-1152x1536.jpg 1152w, https:\/\/www.skamex.com.pl\/wp-content\/uploads\/2024\/06\/Piechowice1-1536x2048.jpg 1536w, https:\/\/www.skamex.com.pl\/wp-content\/uploads\/2024\/06\/Piechowice1-9x12.jpg 9w\" alt class=\"h-full w-full object-cover \" loading=\"lazy\">\n\n    <\/figure>\n    \n\n    \n","protected":false},"excerpt":"XII Og\u00f3lnopolski Zjazd Polskiego Stowarzyszenia Farmaceut\u00f3w Onkologicznych W dni\u00adach 29 luty- 2 marzec 2024 uczest\u00adniczyli\u015bmy w XII Og\u00f3lnopol\u00adskim Zje\u017adzie Pol\u00adskiego Sto\u00adwarzyszenia Far\u00adma\u00adceut\u00f3w Onko\u00adlog\u00adicznych, kt\u00f3re odby\u0142o si\u0119 w Toruniu. Orga\u00adni\u00adza\u00adtorem wydarzenia by\u0142o Pol\u00adskie Sto\u00adwarzysze\u00adnie Far\u00adma\u00adceut\u00f3w Onko\u00adlog\u00adicznych. Kon\u00adfer\u00adenc\u00adja by\u0142a dedykowana far\u00adma\u00adceu\u00adtom z ca\u0142ej Pol\u00ads\u00adki, kt\u00f3rych cz\u0119\u015b\u00adci\u0105 pra\u00adcy jest przy\u00adgo\u00adtowywanie lek\u00f3w cytostaty\u00adcznych. Nasze stoisko cieszy\u0142o si\u0119 ogrom\u00adnym zain\u00adtere\u00adsowaniem [&hellip;]","author":5,"featured_media":0,"comment_status":"closed","ping_status":"open","sticky":true,"template":"","format":"standard","meta":{"inline_featured_image":false,"wp_typography_post_enhancements_disabled":false,"editor_plus_post_options":"{}","editor_plus_copied_stylings":"{}","footnotes":""},"categories":[1,32],"tags":[31],"class_list":["post-10181","post","type-post","status-publish","format-standard","hentry","category-wydarzenia-biezace","category-wydarzenia","tag-wydarzenia"],"yoast_head":"<!-- This site is optimized with the Yoast SEO plugin v27.1.1 - https:\/\/yoast.com\/product\/yoast-seo-wordpress\/ -->\n<title>Uczestnictwo w wydarzeniach 2024 - Skamex<\/title>\n<meta name=\"robots\" content=\"index, follow, max-snippet:-1, max-image-preview:large, max-video-preview:-1\" \/>\n<link rel=\"canonical\" href=\"https:\/\/www.skamex.com.pl\/blog\/wydarzenia-biezace\/uczestnictwo-w-wydarzeniach-2024\" \/>\n<meta property=\"og:locale\" content=\"pl_PL\" \/>\n<meta property=\"og:type\" content=\"article\" \/>\n<meta property=\"og:title\" content=\"Uczestnictwo w wydarzeniach 2024 - Skamex\" \/>\n<meta property=\"og:description\" content=\"XII Og\u00f3lnopolski Zjazd Polskiego Stowarzyszenia Farmaceut\u00f3w Onkologicznych W dni\u00adach 29 luty- 2 marzec 2024 uczest\u00adniczyli\u015bmy w XII Og\u00f3lnopol\u00adskim Zje\u017adzie Pol\u00adskiego Sto\u00adwarzyszenia Far\u00adma\u00adceut\u00f3w Onko\u00adlog\u00adicznych, kt\u00f3re odby\u0142o si\u0119 w Toruniu. Orga\u00adni\u00adza\u00adtorem wydarzenia by\u0142o Pol\u00adskie Sto\u00adwarzysze\u00adnie Far\u00adma\u00adceut\u00f3w Onko\u00adlog\u00adicznych. Kon\u00adfer\u00adenc\u00adja by\u0142a dedykowana far\u00adma\u00adceu\u00adtom z ca\u0142ej Pol\u00ads\u00adki, kt\u00f3rych cz\u0119\u015b\u00adci\u0105 pra\u00adcy jest przy\u00adgo\u00adtowywanie lek\u00f3w cytostaty\u00adcznych. Nasze stoisko cieszy\u0142o si\u0119 ogrom\u00adnym zain\u00adtere\u00adsowaniem [&hellip;]\" \/>\n<meta property=\"og:url\" content=\"https:\/\/www.skamex.com.pl\/blog\/wydarzenia-biezace\/uczestnictwo-w-wydarzeniach-2024\" \/>\n<meta property=\"og:site_name\" content=\"Skamex\" \/>\n<meta property=\"article:publisher\" content=\"https:\/\/www.facebook.com\/skamex\/\" \/>\n<meta property=\"article:published_time\" content=\"2024-06-06T13:48:24+00:00\" \/>\n<meta property=\"article:modified_time\" content=\"2025-05-12T10:48:50+00:00\" \/>\n<meta property=\"og:image\" content=\"https:\/\/static.xx.fbcdn.net\/images\/emoji.php\/v9\/tc3\/1\/16\/1fa7a.png\" \/>\n<meta name=\"author\" content=\"Patrycja Gil\" \/>\n<meta name=\"twitter:card\" content=\"summary_large_image\" \/>\n<meta name=\"twitter:label1\" content=\"Napisane przez\" \/>\n\t<meta name=\"twitter:data1\" content=\"Patrycja Gil\" \/>\n\t<meta name=\"twitter:label2\" content=\"Szacowany czas czytania\" \/>\n\t<meta name=\"twitter:data2\" content=\"12 minut\" \/>\n<script type=\"application\/ld+json\" class=\"yoast-schema-graph\">{\"@context\":\"https:\/\/schema.org\",\"@graph\":[{\"@type\":\"Article\",\"@id\":\"https:\/\/www.skamex.com.pl\/blog\/wydarzenia-biezace\/uczestnictwo-w-wydarzeniach-2024#article\",\"isPartOf\":{\"@id\":\"https:\/\/www.skamex.com.pl\/blog\/wydarzenia-biezace\/uczestnictwo-w-wydarzeniach-2024\"},\"author\":{\"name\":\"Patrycja Gil\",\"@id\":\"https:\/\/www.skamex.com.pl\/#\/schema\/person\/ea9ec5d54f1a325e6d1016627acdeae1\"},\"headline\":\"Uczestnictwo w wydarzeniach 2024\",\"datePublished\":\"2024-06-06T13:48:24+00:00\",\"dateModified\":\"2025-05-12T10:48:50+00:00\",\"mainEntityOfPage\":{\"@id\":\"https:\/\/www.skamex.com.pl\/blog\/wydarzenia-biezace\/uczestnictwo-w-wydarzeniach-2024\"},\"wordCount\":755,\"publisher\":{\"@id\":\"https:\/\/www.skamex.com.pl\/#organization\"},\"image\":{\"@id\":\"https:\/\/www.skamex.com.pl\/blog\/wydarzenia-biezace\/uczestnictwo-w-wydarzeniach-2024#primaryimage\"},\"thumbnailUrl\":\"https:\/\/static.xx.fbcdn.net\/images\/emoji.php\/v9\/tc3\/1\/16\/1fa7a.png\",\"keywords\":[\"wydarzenia\"],\"articleSection\":[\"Wydarzenia\",\"Wydarzenia\"],\"inLanguage\":\"pl-PL\"},{\"@type\":\"WebPage\",\"@id\":\"https:\/\/www.skamex.com.pl\/blog\/wydarzenia-biezace\/uczestnictwo-w-wydarzeniach-2024\",\"url\":\"https:\/\/www.skamex.com.pl\/blog\/wydarzenia-biezace\/uczestnictwo-w-wydarzeniach-2024\",\"name\":\"Uczestnictwo w wydarzeniach 2024 - Skamex\",\"isPartOf\":{\"@id\":\"https:\/\/www.skamex.com.pl\/#website\"},\"primaryImageOfPage\":{\"@id\":\"https:\/\/www.skamex.com.pl\/blog\/wydarzenia-biezace\/uczestnictwo-w-wydarzeniach-2024#primaryimage\"},\"image\":{\"@id\":\"https:\/\/www.skamex.com.pl\/blog\/wydarzenia-biezace\/uczestnictwo-w-wydarzeniach-2024#primaryimage\"},\"thumbnailUrl\":\"https:\/\/static.xx.fbcdn.net\/images\/emoji.php\/v9\/tc3\/1\/16\/1fa7a.png\",\"datePublished\":\"2024-06-06T13:48:24+00:00\",\"dateModified\":\"2025-05-12T10:48:50+00:00\",\"breadcrumb\":{\"@id\":\"https:\/\/www.skamex.com.pl\/blog\/wydarzenia-biezace\/uczestnictwo-w-wydarzeniach-2024#breadcrumb\"},\"inLanguage\":\"pl-PL\",\"potentialAction\":[{\"@type\":\"ReadAction\",\"target\":[\"https:\/\/www.skamex.com.pl\/blog\/wydarzenia-biezace\/uczestnictwo-w-wydarzeniach-2024\"]}]},{\"@type\":\"ImageObject\",\"inLanguage\":\"pl-PL\",\"@id\":\"https:\/\/www.skamex.com.pl\/blog\/wydarzenia-biezace\/uczestnictwo-w-wydarzeniach-2024#primaryimage\",\"url\":\"https:\/\/static.xx.fbcdn.net\/images\/emoji.php\/v9\/tc3\/1\/16\/1fa7a.png\",\"contentUrl\":\"https:\/\/static.xx.fbcdn.net\/images\/emoji.php\/v9\/tc3\/1\/16\/1fa7a.png\"},{\"@type\":\"BreadcrumbList\",\"@id\":\"https:\/\/www.skamex.com.pl\/blog\/wydarzenia-biezace\/uczestnictwo-w-wydarzeniach-2024#breadcrumb\",\"itemListElement\":[{\"@type\":\"ListItem\",\"position\":1,\"name\":\"Strona g\u0142\u00f3wna\",\"item\":\"https:\/\/www.skamex.com.pl\/\"},{\"@type\":\"ListItem\",\"position\":2,\"name\":\"Uczestnictwo w wydarzeniach 2024\"}]},{\"@type\":\"WebSite\",\"@id\":\"https:\/\/www.skamex.com.pl\/#website\",\"url\":\"https:\/\/www.skamex.com.pl\/\",\"name\":\"Skamex- Jako\u015b\u0107 w trosce o bezpiecze\u0144stwo\",\"description\":\"\",\"publisher\":{\"@id\":\"https:\/\/www.skamex.com.pl\/#organization\"},\"potentialAction\":[{\"@type\":\"SearchAction\",\"target\":{\"@type\":\"EntryPoint\",\"urlTemplate\":\"https:\/\/www.skamex.com.pl\/?s={search_term_string}\"},\"query-input\":{\"@type\":\"PropertyValueSpecification\",\"valueRequired\":true,\"valueName\":\"search_term_string\"}}],\"inLanguage\":\"pl-PL\"},{\"@type\":\"Organization\",\"@id\":\"https:\/\/www.skamex.com.pl\/#organization\",\"name\":\"Skamex\",\"url\":\"https:\/\/www.skamex.com.pl\/\",\"logo\":{\"@type\":\"ImageObject\",\"inLanguage\":\"pl-PL\",\"@id\":\"https:\/\/www.skamex.com.pl\/#\/schema\/logo\/image\/\",\"url\":\"https:\/\/www.skamex.com.pl\/wp-content\/uploads\/2024\/02\/logo_skamex-e1715849609970.png\",\"contentUrl\":\"https:\/\/www.skamex.com.pl\/wp-content\/uploads\/2024\/02\/logo_skamex-e1715849609970.png\",\"width\":1312,\"height\":318,\"caption\":\"Skamex\"},\"image\":{\"@id\":\"https:\/\/www.skamex.com.pl\/#\/schema\/logo\/image\/\"},\"sameAs\":[\"https:\/\/www.facebook.com\/skamex\/\",\"https:\/\/www.linkedin.com\/company\/skamex\"]},{\"@type\":\"Person\",\"@id\":\"https:\/\/www.skamex.com.pl\/#\/schema\/person\/ea9ec5d54f1a325e6d1016627acdeae1\",\"name\":\"Patrycja Gil\",\"url\":\"https:\/\/www.skamex.com.pl\/blog\/author\/skamex\"}]}<\/script>\n<!-- \/ Yoast SEO plugin. -->","yoast_head_json":{"title":"Uczestnictwo w wydarzeniach 2024 - Skamex","robots":{"index":"index","follow":"follow","max-snippet":"max-snippet:-1","max-image-preview":"max-image-preview:large","max-video-preview":"max-video-preview:-1"},"canonical":"https:\/\/www.skamex.com.pl\/blog\/wydarzenia-biezace\/uczestnictwo-w-wydarzeniach-2024","og_locale":"pl_PL","og_type":"article","og_title":"Uczestnictwo w wydarzeniach 2024 - Skamex","og_description":"XII Og\u00f3lnopolski Zjazd Polskiego Stowarzyszenia Farmaceut\u00f3w Onkologicznych W dni\u00adach 29 luty- 2 marzec 2024 uczest\u00adniczyli\u015bmy w XII Og\u00f3lnopol\u00adskim Zje\u017adzie Pol\u00adskiego Sto\u00adwarzyszenia Far\u00adma\u00adceut\u00f3w Onko\u00adlog\u00adicznych, kt\u00f3re odby\u0142o si\u0119 w Toruniu. Orga\u00adni\u00adza\u00adtorem wydarzenia by\u0142o Pol\u00adskie Sto\u00adwarzysze\u00adnie Far\u00adma\u00adceut\u00f3w Onko\u00adlog\u00adicznych. Kon\u00adfer\u00adenc\u00adja by\u0142a dedykowana far\u00adma\u00adceu\u00adtom z ca\u0142ej Pol\u00ads\u00adki, kt\u00f3rych cz\u0119\u015b\u00adci\u0105 pra\u00adcy jest przy\u00adgo\u00adtowywanie lek\u00f3w cytostaty\u00adcznych. Nasze stoisko cieszy\u0142o si\u0119 ogrom\u00adnym zain\u00adtere\u00adsowaniem [&hellip;]","og_url":"https:\/\/www.skamex.com.pl\/blog\/wydarzenia-biezace\/uczestnictwo-w-wydarzeniach-2024","og_site_name":"Skamex","article_publisher":"https:\/\/www.facebook.com\/skamex\/","article_published_time":"2024-06-06T13:48:24+00:00","article_modified_time":"2025-05-12T10:48:50+00:00","og_image":[{"url":"https:\/\/static.xx.fbcdn.net\/images\/emoji.php\/v9\/tc3\/1\/16\/1fa7a.png","type":"","width":"","height":""}],"author":"Patrycja Gil","twitter_card":"summary_large_image","twitter_misc":{"Napisane przez":"Patrycja Gil","Szacowany czas czytania":"12 minut"},"schema":{"@context":"https:\/\/schema.org","@graph":[{"@type":"Article","@id":"https:\/\/www.skamex.com.pl\/blog\/wydarzenia-biezace\/uczestnictwo-w-wydarzeniach-2024#article","isPartOf":{"@id":"https:\/\/www.skamex.com.pl\/blog\/wydarzenia-biezace\/uczestnictwo-w-wydarzeniach-2024"},"author":{"name":"Patrycja Gil","@id":"https:\/\/www.skamex.com.pl\/#\/schema\/person\/ea9ec5d54f1a325e6d1016627acdeae1"},"headline":"Uczestnictwo w wydarzeniach 2024","datePublished":"2024-06-06T13:48:24+00:00","dateModified":"2025-05-12T10:48:50+00:00","mainEntityOfPage":{"@id":"https:\/\/www.skamex.com.pl\/blog\/wydarzenia-biezace\/uczestnictwo-w-wydarzeniach-2024"},"wordCount":755,"publisher":{"@id":"https:\/\/www.skamex.com.pl\/#organization"},"image":{"@id":"https:\/\/www.skamex.com.pl\/blog\/wydarzenia-biezace\/uczestnictwo-w-wydarzeniach-2024#primaryimage"},"thumbnailUrl":"https:\/\/static.xx.fbcdn.net\/images\/emoji.php\/v9\/tc3\/1\/16\/1fa7a.png","keywords":["wydarzenia"],"articleSection":["Wydarzenia","Wydarzenia"],"inLanguage":"pl-PL"},{"@type":"WebPage","@id":"https:\/\/www.skamex.com.pl\/blog\/wydarzenia-biezace\/uczestnictwo-w-wydarzeniach-2024","url":"https:\/\/www.skamex.com.pl\/blog\/wydarzenia-biezace\/uczestnictwo-w-wydarzeniach-2024","name":"Uczestnictwo w wydarzeniach 2024 - Skamex","isPartOf":{"@id":"https:\/\/www.skamex.com.pl\/#website"},"primaryImageOfPage":{"@id":"https:\/\/www.skamex.com.pl\/blog\/wydarzenia-biezace\/uczestnictwo-w-wydarzeniach-2024#primaryimage"},"image":{"@id":"https:\/\/www.skamex.com.pl\/blog\/wydarzenia-biezace\/uczestnictwo-w-wydarzeniach-2024#primaryimage"},"thumbnailUrl":"https:\/\/static.xx.fbcdn.net\/images\/emoji.php\/v9\/tc3\/1\/16\/1fa7a.png","datePublished":"2024-06-06T13:48:24+00:00","dateModified":"2025-05-12T10:48:50+00:00","breadcrumb":{"@id":"https:\/\/www.skamex.com.pl\/blog\/wydarzenia-biezace\/uczestnictwo-w-wydarzeniach-2024#breadcrumb"},"inLanguage":"pl-PL","potentialAction":[{"@type":"ReadAction","target":["https:\/\/www.skamex.com.pl\/blog\/wydarzenia-biezace\/uczestnictwo-w-wydarzeniach-2024"]}]},{"@type":"ImageObject","inLanguage":"pl-PL","@id":"https:\/\/www.skamex.com.pl\/blog\/wydarzenia-biezace\/uczestnictwo-w-wydarzeniach-2024#primaryimage","url":"https:\/\/static.xx.fbcdn.net\/images\/emoji.php\/v9\/tc3\/1\/16\/1fa7a.png","contentUrl":"https:\/\/static.xx.fbcdn.net\/images\/emoji.php\/v9\/tc3\/1\/16\/1fa7a.png"},{"@type":"BreadcrumbList","@id":"https:\/\/www.skamex.com.pl\/blog\/wydarzenia-biezace\/uczestnictwo-w-wydarzeniach-2024#breadcrumb","itemListElement":[{"@type":"ListItem","position":1,"name":"Strona g\u0142\u00f3wna","item":"https:\/\/www.skamex.com.pl\/"},{"@type":"ListItem","position":2,"name":"Uczestnictwo w wydarzeniach 2024"}]},{"@type":"WebSite","@id":"https:\/\/www.skamex.com.pl\/#website","url":"https:\/\/www.skamex.com.pl\/","name":"Skamex- Jako\u015b\u0107 w trosce o bezpiecze\u0144stwo","description":"","publisher":{"@id":"https:\/\/www.skamex.com.pl\/#organization"},"potentialAction":[{"@type":"SearchAction","target":{"@type":"EntryPoint","urlTemplate":"https:\/\/www.skamex.com.pl\/?s={search_term_string}"},"query-input":{"@type":"PropertyValueSpecification","valueRequired":true,"valueName":"search_term_string"}}],"inLanguage":"pl-PL"},{"@type":"Organization","@id":"https:\/\/www.skamex.com.pl\/#organization","name":"Skamex","url":"https:\/\/www.skamex.com.pl\/","logo":{"@type":"ImageObject","inLanguage":"pl-PL","@id":"https:\/\/www.skamex.com.pl\/#\/schema\/logo\/image\/","url":"https:\/\/www.skamex.com.pl\/wp-content\/uploads\/2024\/02\/logo_skamex-e1715849609970.png","contentUrl":"https:\/\/www.skamex.com.pl\/wp-content\/uploads\/2024\/02\/logo_skamex-e1715849609970.png","width":1312,"height":318,"caption":"Skamex"},"image":{"@id":"https:\/\/www.skamex.com.pl\/#\/schema\/logo\/image\/"},"sameAs":["https:\/\/www.facebook.com\/skamex\/","https:\/\/www.linkedin.com\/company\/skamex"]},{"@type":"Person","@id":"https:\/\/www.skamex.com.pl\/#\/schema\/person\/ea9ec5d54f1a325e6d1016627acdeae1","name":"Patrycja Gil","url":"https:\/\/www.skamex.com.pl\/blog\/author\/skamex"}]}},"acf":[],"gutenberg_blocks":[{"blockName":"custom-styles","attrs":{"styles":".eplus-styles-uid-24b8d8{text-align:justify}"}},{"blockName":"core\/heading","attrs":{"level":4,"epAnimationGeneratedClass":"edplus_anim-3hGnuZ","epGeneratedClass":"eplus-wrapper"},"innerBlocks":[],"innerHTML":"\n<h4 class=\"wp-block-heading eplus-wrapper\">XII Og\u00f3lnopolski Zjazd Polskiego Stowarzyszenia Farmaceut\u00f3w Onkologicznych<\/h4>\n","innerContent":["\n<h4 class=\"wp-block-heading eplus-wrapper\">XII Og\u00f3lnopolski Zjazd Polskiego Stowarzyszenia Farmaceut\u00f3w Onkologicznych<\/h4>\n"]},{"blockName":"core\/paragraph","attrs":{"epCustomTypography":{"lineHeight":{"value":"","important":false,"unit":"px"},"fontSize":{"value":"","important":false,"unit":"px"},"letterSpacing":{"value":"","important":false,"unit":"px"},"fontWeight":null,"textStyle":[],"textColor":{"color":"","imp":false},"underline":{"color":"","style":""},"lineThrough":{"color":"","style":""},"textAlignment":"justify"},"epAnimationGeneratedClass":"edplus_anim-CAKIAV","epGeneratedClass":"eplus-wrapper"},"innerBlocks":[],"innerHTML":"<p class=\" eplus-wrapper eplus-styles-uid-24b8d8\">W dniach 29 luty- 2 marzec 2024 uczestniczyli\u015bmy w XII Og\u00f3lnopolskim Zje\u017adzie Polskiego Stowarzyszenia Farmaceut\u00f3w Onkologicznych, kt\u00f3re odby\u0142o si\u0119 w Toruniu. Organizatorem wydarzenia by\u0142o <a href=\"https:\/\/www.facebook.com\/psfoorg?__cft__%5B0%5D=AZVJBMYWEeSgykohb4UBt6DqEAowajsvLMweafZdvvxdzN3WVj4bu9WReaaek4IJ70i4Dky4MzyrdcGc1Rryf9UUopWKjiQiRX12hMueYsIApzaBTHMF51QKNL5yvVBFamfC44AtT0vAiCCtAm7hALmZLZO4RVkc14CTGqRSp3JxP4LIhPsrdBf6_vvHXfDcjkZ1jQ_eN7_MAtAaydDIBdBM&amp;__tn__=-%5DK-R\">Polskie Stowarzyszenie Farmaceut\u00f3w Onkologicznych<\/a>. <img height=\"16\" width=\"16\" src=\"https:\/\/static.xx.fbcdn.net\/images\/emoji.php\/v9\/tc3\/1\/16\/1fa7a.png\" alt=\"\ud83e\ude7a\"><br>Konferencja by\u0142a dedykowana farmaceutom z ca\u0142ej Polski, kt\u00f3rych cz\u0119\u015bci\u0105 pracy jest przygotowywanie lek\u00f3w cytostatycznych. <img height=\"16\" width=\"16\" src=\"https:\/\/static.xx.fbcdn.net\/images\/emoji.php\/v9\/tcd\/1\/16\/1f489.png\" alt=\"\ud83d\udc89\"><br>Nasze stoisko cieszy\u0142o si\u0119 ogromnym zainteresowaniem - za co Uczestnikom bardzo dzi\u0119kujemy!<br>Serdeczne podzi\u0119kowania r\u00f3wnie\u017c dla Organizator\u00f3w!<\/p>","innerContent":["\n<p class=\" eplus-wrapper\">W dniach 29 luty- 2 marzec 2024 uczestniczyli\u015bmy w XII Og\u00f3lnopolskim Zje\u017adzie Polskiego Stowarzyszenia Farmaceut\u00f3w Onkologicznych, kt\u00f3re odby\u0142o si\u0119 w Toruniu. Organizatorem wydarzenia by\u0142o <a href=\"https:\/\/www.facebook.com\/psfoorg?__cft__[0]=AZVJBMYWEeSgykohb4UBt6DqEAowajsvLMweafZdvvxdzN3WVj4bu9WReaaek4IJ70i4Dky4MzyrdcGc1Rryf9UUopWKjiQiRX12hMueYsIApzaBTHMF51QKNL5yvVBFamfC44AtT0vAiCCtAm7hALmZLZO4RVkc14CTGqRSp3JxP4LIhPsrdBf6_vvHXfDcjkZ1jQ_eN7_MAtAaydDIBdBM&amp;__tn__=-]K-R\">Polskie Stowarzyszenie Farmaceut\u00f3w Onkologicznych<\/a>. <img height=\"16\" width=\"16\" src=\"https:\/\/static.xx.fbcdn.net\/images\/emoji.php\/v9\/tc3\/1\/16\/1fa7a.png\" alt=\"\ud83e\ude7a\"><br>Konferencja by\u0142a dedykowana farmaceutom z ca\u0142ej Polski, kt\u00f3rych cz\u0119\u015bci\u0105 pracy jest przygotowywanie lek\u00f3w cytostatycznych. <img height=\"16\" width=\"16\" src=\"https:\/\/static.xx.fbcdn.net\/images\/emoji.php\/v9\/tcd\/1\/16\/1f489.png\" alt=\"\ud83d\udc89\"><br>Nasze stoisko cieszy\u0142o si\u0119 ogromnym zainteresowaniem - za co Uczestnikom bardzo dzi\u0119kujemy!<br>Serdeczne podzi\u0119kowania r\u00f3wnie\u017c dla Organizator\u00f3w!<\/p>\n"]},{"blockName":"core\/gallery","attrs":{"linkTo":"none","sizeSlug":"full","epAnimationGeneratedClass":"edplus_anim-u6uaqu","epGeneratedClass":"eplus-wrapper"},"innerBlocks":[{"blockName":"core\/image","attrs":{"id":10194,"sizeSlug":"full","linkDestination":"none","className":"is-style-default","epAnimationGeneratedClass":"edplus_anim-iLkzrc","epGeneratedClass":"eplus-wrapper"},"innerBlocks":[],"innerHTML":"\n<figure class=\"is-style-default wp-block-image size-full eplus-wrapper\"><img src=\"https:\/\/www.skamex.com.pl\/wp-content\/uploads\/2024\/06\/image-3.jpeg\" alt=\"\" class=\"wp-image-10194\"\/><\/figure>\n","innerContent":["\n<figure class=\"is-style-default wp-block-image size-full eplus-wrapper\"><img src=\"https:\/\/www.skamex.com.pl\/wp-content\/uploads\/2024\/06\/image-3.jpeg\" alt=\"\" class=\"wp-image-10194\"\/><\/figure>\n"]},{"blockName":"core\/image","attrs":{"id":10193,"sizeSlug":"full","linkDestination":"none","epAnimationGeneratedClass":"edplus_anim-xmL9KR","epGeneratedClass":"eplus-wrapper"},"innerBlocks":[],"innerHTML":"\n<figure class=\"wp-block-image size-full eplus-wrapper\"><img src=\"https:\/\/www.skamex.com.pl\/wp-content\/uploads\/2024\/06\/image-2.jpeg\" alt=\"\" class=\"wp-image-10193\"\/><\/figure>\n","innerContent":["\n<figure class=\"wp-block-image size-full eplus-wrapper\"><img src=\"https:\/\/www.skamex.com.pl\/wp-content\/uploads\/2024\/06\/image-2.jpeg\" alt=\"\" class=\"wp-image-10193\"\/><\/figure>\n"]},{"blockName":"core\/image","attrs":{"id":10192,"sizeSlug":"full","linkDestination":"none","epAnimationGeneratedClass":"edplus_anim-JlWCOg","epGeneratedClass":"eplus-wrapper"},"innerBlocks":[],"innerHTML":"\n<figure class=\"wp-block-image size-full eplus-wrapper\"><img src=\"https:\/\/www.skamex.com.pl\/wp-content\/uploads\/2024\/06\/image-1.jpeg\" alt=\"\" class=\"wp-image-10192\"\/><\/figure>\n","innerContent":["\n<figure class=\"wp-block-image size-full eplus-wrapper\"><img src=\"https:\/\/www.skamex.com.pl\/wp-content\/uploads\/2024\/06\/image-1.jpeg\" alt=\"\" class=\"wp-image-10192\"\/><\/figure>\n"]}],"innerHTML":"\n<figure class=\"wp-block-gallery has-nested-images columns-default is-cropped eplus-wrapper\">\n\n\n\n<\/figure>\n","innerContent":["\n<figure class=\"wp-block-gallery has-nested-images columns-default is-cropped eplus-wrapper\">",null,"\n\n",null,"\n\n",null,"<\/figure>\n"]},{"blockName":"core\/heading","attrs":{"level":4,"epAnimationGeneratedClass":"edplus_anim-GSesLy","epGeneratedClass":"eplus-wrapper"},"innerBlocks":[],"innerHTML":"\n<h4 class=\"wp-block-heading eplus-wrapper\">VII \u0141\u00f3dzkie Spotkanie Piel\u0119gniarek Operacyjnych<\/h4>\n","innerContent":["\n<h4 class=\"wp-block-heading eplus-wrapper\">VII \u0141\u00f3dzkie Spotkanie Piel\u0119gniarek Operacyjnych<\/h4>\n"]},{"blockName":"core\/paragraph","attrs":{"epCustomTypography":{"lineHeight":{"value":"","important":false,"unit":"px"},"fontSize":{"value":"","important":false,"unit":"px"},"letterSpacing":{"value":"","important":false,"unit":"px"},"fontWeight":null,"textStyle":[],"textColor":{"color":"","imp":false},"underline":{"color":"","style":""},"lineThrough":{"color":"","style":""},"textAlignment":"justify"},"epAnimationGeneratedClass":"edplus_anim-fdFRX9","epGeneratedClass":"eplus-wrapper"},"innerBlocks":[],"innerHTML":"<p class=\" eplus-wrapper eplus-styles-uid-24b8d8\">W dniach 7-8 marca wzi\u0119li\u015bmy udzia\u0142 w VII <a href=\"https:\/\/www.facebook.com\/lspo2018?__cft__%5B0%5D=AZWq-2uIBFQgLJgeFugXDj5aWmrsainr_y33rhUxrQntDLrGoq4JIZ869_HyyD8hDpOwnO0WS08me_lGbrtpTYW81bCF2NxP-Hv2V5J-JIN4ZyKQjnas9Ap70yrHUeaCX7wIhnF1nLEZkeSnDP7uU_8RVKiYeS4mcRY4szwqdCfefJXTf18bmN9OBBxQu8pwnYh2xDNCaZPfbwQ8DZcKDxHs&amp;__tn__=-%5DK-R\">\u0141\u00f3dzkie Spotkanie Piel\u0119gniarek Operacyjnych<\/a> organizowanym przez Komisj\u0119 Piel\u0119gniarek Operacyjnych OIPiP w \u0141odzi dla Instrumentariuszek.<img height=\"16\" width=\"16\" src=\"https:\/\/static.xx.fbcdn.net\/images\/emoji.php\/v9\/t9d\/1\/16\/1f469_200d_2695.png\" alt=\"\ud83d\udc69\u200d\u2695\ufe0f\"> Mieli\u015bmy przyjemno\u015b\u0107 by\u0107 wystawc\u0105 i partnerem tego wydarzenia. <img height=\"16\" width=\"16\" src=\"https:\/\/static.xx.fbcdn.net\/images\/emoji.php\/v9\/t64\/1\/16\/1f91d.png\" alt=\"\ud83e\udd1d\"><br>Tematem marcowego spotkania by\u0142o \"Robotyka medyczna jako wyzwanie dla piel\u0119gniarstwa operacyjnego\". Podczas dwudniowej konferencji odby\u0142y si\u0119 sesje naukowe zamykaj\u0105ce si\u0119 w tematyce wydarzenia. Przy tym Uczestnicy mogli odwiedza\u0107 stoiska wystawc\u00f3w produkt\u00f3w medycznych. Nasze stoisko cieszy\u0142o si\u0119 pozytywnym odbiorem ze wzgl\u0119du na r\u00f3\u017cnorodno\u015b\u0107 oferowanego przez nas asortymentu. Dzi\u0119kujemy za obecno\u015b\u0107! <img height=\"16\" width=\"16\" src=\"https:\/\/static.xx.fbcdn.net\/images\/emoji.php\/v9\/tfd\/1\/16\/1f64c.png\" alt=\"\ud83d\ude4c\"><\/p>","innerContent":["\n<p class=\" eplus-wrapper\">W dniach 7-8 marca wzi\u0119li\u015bmy udzia\u0142 w VII <a href=\"https:\/\/www.facebook.com\/lspo2018?__cft__[0]=AZWq-2uIBFQgLJgeFugXDj5aWmrsainr_y33rhUxrQntDLrGoq4JIZ869_HyyD8hDpOwnO0WS08me_lGbrtpTYW81bCF2NxP-Hv2V5J-JIN4ZyKQjnas9Ap70yrHUeaCX7wIhnF1nLEZkeSnDP7uU_8RVKiYeS4mcRY4szwqdCfefJXTf18bmN9OBBxQu8pwnYh2xDNCaZPfbwQ8DZcKDxHs&amp;__tn__=-]K-R\">\u0141\u00f3dzkie Spotkanie Piel\u0119gniarek Operacyjnych<\/a> organizowanym przez Komisj\u0119 Piel\u0119gniarek Operacyjnych OIPiP w \u0141odzi dla Instrumentariuszek.<img height=\"16\" width=\"16\" src=\"https:\/\/static.xx.fbcdn.net\/images\/emoji.php\/v9\/t9d\/1\/16\/1f469_200d_2695.png\" alt=\"\ud83d\udc69\u200d\u2695\ufe0f\"> Mieli\u015bmy przyjemno\u015b\u0107 by\u0107 wystawc\u0105 i partnerem tego wydarzenia. <img height=\"16\" width=\"16\" src=\"https:\/\/static.xx.fbcdn.net\/images\/emoji.php\/v9\/t64\/1\/16\/1f91d.png\" alt=\"\ud83e\udd1d\"><br>Tematem marcowego spotkania by\u0142o \"Robotyka medyczna jako wyzwanie dla piel\u0119gniarstwa operacyjnego\". Podczas dwudniowej konferencji odby\u0142y si\u0119 sesje naukowe zamykaj\u0105ce si\u0119 w tematyce wydarzenia. Przy tym Uczestnicy mogli odwiedza\u0107 stoiska wystawc\u00f3w produkt\u00f3w medycznych. Nasze stoisko cieszy\u0142o si\u0119 pozytywnym odbiorem ze wzgl\u0119du na r\u00f3\u017cnorodno\u015b\u0107 oferowanego przez nas asortymentu. Dzi\u0119kujemy za obecno\u015b\u0107! <img height=\"16\" width=\"16\" src=\"https:\/\/static.xx.fbcdn.net\/images\/emoji.php\/v9\/tfd\/1\/16\/1f64c.png\" alt=\"\ud83d\ude4c\"><\/p>\n"]},{"blockName":"core\/gallery","attrs":{"linkTo":"none","epAnimationGeneratedClass":"edplus_anim-rQGdUR","epGeneratedClass":"eplus-wrapper"},"innerBlocks":[{"blockName":"core\/image","attrs":{"id":10197,"sizeSlug":"full","linkDestination":"none","epAnimationGeneratedClass":"edplus_anim-vbC6QW","epGeneratedClass":"eplus-wrapper"},"innerBlocks":[],"innerHTML":"\n<figure class=\"wp-block-image size-full eplus-wrapper\"><img src=\"https:\/\/www.skamex.com.pl\/wp-content\/uploads\/2024\/06\/image-6.jpeg\" alt=\"Mo\u017ce by\u0107 zdj\u0119ciem przedstawiaj\u0105cym 3 osoby, \u017celazko, szpital i tekst \u201eCST Staple bezbarierowy zakrzywiony t\u201d\" class=\"wp-image-10197\"\/><\/figure>\n","innerContent":["\n<figure class=\"wp-block-image size-full eplus-wrapper\"><img src=\"https:\/\/www.skamex.com.pl\/wp-content\/uploads\/2024\/06\/image-6.jpeg\" alt=\"Mo\u017ce by\u0107 zdj\u0119ciem przedstawiaj\u0105cym 3 osoby, \u017celazko, szpital i tekst \u201eCST Staple bezbarierowy zakrzywiony t\u201d\" class=\"wp-image-10197\"\/><\/figure>\n"]},{"blockName":"core\/image","attrs":{"id":10196,"sizeSlug":"large","linkDestination":"none","epAnimationGeneratedClass":"edplus_anim-fisgw6","epGeneratedClass":"eplus-wrapper"},"innerBlocks":[],"innerHTML":"\n<figure class=\"wp-block-image size-large eplus-wrapper\"><img src=\"https:\/\/www.skamex.com.pl\/wp-content\/uploads\/2024\/06\/image-5-1024x768.jpeg\" alt=\"Mo\u017ce by\u0107 zdj\u0119ciem przedstawiaj\u0105cym 5 os\u00f3b i tekst\" class=\"wp-image-10196\"\/><\/figure>\n","innerContent":["\n<figure class=\"wp-block-image size-large eplus-wrapper\"><img src=\"https:\/\/www.skamex.com.pl\/wp-content\/uploads\/2024\/06\/image-5-1024x768.jpeg\" alt=\"Mo\u017ce by\u0107 zdj\u0119ciem przedstawiaj\u0105cym 5 os\u00f3b i tekst\" class=\"wp-image-10196\"\/><\/figure>\n"]},{"blockName":"core\/image","attrs":{"id":10195,"sizeSlug":"large","linkDestination":"none","epAnimationGeneratedClass":"edplus_anim-7KoX3i","epGeneratedClass":"eplus-wrapper"},"innerBlocks":[],"innerHTML":"\n<figure class=\"wp-block-image size-large eplus-wrapper\"><img src=\"https:\/\/www.skamex.com.pl\/wp-content\/uploads\/2024\/06\/image-4.jpeg\" alt=\"Mo\u017ce by\u0107 zdj\u0119ciem przedstawiaj\u0105cym 4 osoby i tekst\" class=\"wp-image-10195\"\/><\/figure>\n","innerContent":["\n<figure class=\"wp-block-image size-large eplus-wrapper\"><img src=\"https:\/\/www.skamex.com.pl\/wp-content\/uploads\/2024\/06\/image-4.jpeg\" alt=\"Mo\u017ce by\u0107 zdj\u0119ciem przedstawiaj\u0105cym 4 osoby i tekst\" class=\"wp-image-10195\"\/><\/figure>\n"]}],"innerHTML":"\n<figure class=\"wp-block-gallery has-nested-images columns-default is-cropped eplus-wrapper\">\n\n\n\n<\/figure>\n","innerContent":["\n<figure class=\"wp-block-gallery has-nested-images columns-default is-cropped eplus-wrapper\">",null,"\n\n",null,"\n\n",null,"<\/figure>\n"]},{"blockName":"core\/heading","attrs":{"level":4,"epAnimationGeneratedClass":"edplus_anim-ZEeixT","epGeneratedClass":"eplus-wrapper"},"innerBlocks":[],"innerHTML":"\n<h4 class=\"wp-block-heading eplus-wrapper\">30. edycja KRAKDENT Mi\u0119dzynarodowe Targi Stomatologiczne<\/h4>\n","innerContent":["\n<h4 class=\"wp-block-heading eplus-wrapper\">30. edycja KRAKDENT Mi\u0119dzynarodowe Targi Stomatologiczne<\/h4>\n"]},{"blockName":"core\/paragraph","attrs":{"epCustomTypography":{"lineHeight":{"value":"","important":false,"unit":"px"},"fontSize":{"value":"","important":false,"unit":"px"},"letterSpacing":{"value":"","important":false,"unit":"px"},"fontWeight":null,"textStyle":[],"textColor":{"color":"","imp":false},"underline":{"color":"","style":""},"lineThrough":{"color":"","style":""},"textAlignment":"justify"},"epAnimationGeneratedClass":"edplus_anim-UVFKRn","epGeneratedClass":"eplus-wrapper"},"innerBlocks":[],"innerHTML":"<p class=\" eplus-wrapper eplus-styles-uid-24b8d8\">Po raz kolejny wzi\u0119li\u015bmy udzia\u0142 w najwi\u0119kszej stomatologicznej imprezie targowej w Polsce - <a href=\"https:\/\/www.facebook.com\/targi.krakdent?__cft__%5B0%5D=AZXpOyCYzQV-1rgzmmQsps_au5w59UXk500EeybjmknDlMGt3pzL2RtKRodDUNrE_3qFkcr2mximGdLysOZ09_3OvS5bQkGIxS--1ZoLcxHq68ZDaay9SIAlVP3X2K3Da23DqfCmk_ZtxqPLgWx5BZ5OJxP3YI7SVpZyM0HnyqxnpbQbGPmIhKyIW8xBCSbfbel0ZqXbmQ8w55OyyJMrGNjJ&amp;__tn__=-%5DK-R\">KRAKDENT Mi\u0119dzynarodowe Targi Stomatologiczne<\/a>. By\u0142a to jubileuszowa 30 edycja, kt\u00f3ra odby\u0142a si\u0119 w dniach 11-13 kwietnia w EXPO Krak\u00f3w.<img height=\"16\" width=\"16\" src=\"https:\/\/static.xx.fbcdn.net\/images\/emoji.php\/v9\/t26\/1\/16\/1f9b7.png\" alt=\"\ud83e\uddb7\"> Prezentowane przez nas i <a href=\"https:\/\/www.facebook.com\/dentsplysirona.brasil?__cft__%5B0%5D=AZXpOyCYzQV-1rgzmmQsps_au5w59UXk500EeybjmknDlMGt3pzL2RtKRodDUNrE_3qFkcr2mximGdLysOZ09_3OvS5bQkGIxS--1ZoLcxHq68ZDaay9SIAlVP3X2K3Da23DqfCmk_ZtxqPLgWx5BZ5OJxP3YI7SVpZyM0HnyqxnpbQbGPmIhKyIW8xBCSbfbel0ZqXbmQ8w55OyyJMrGNjJ&amp;__tn__=-%5DK-R\">Dentsply Sirona<\/a> nowo\u015bci cieszy\u0142y si\u0119 du\u017cym zainteresowaniem.<img height=\"16\" width=\"16\" src=\"https:\/\/static.xx.fbcdn.net\/images\/emoji.php\/v9\/ta5\/1\/16\/1f195.png\" alt=\"\ud83c\udd95\"> Dzi\u0119kujemy naszym sta\u0142ym oraz nowym klientom za odwiedzenie naszego stoiska!<img height=\"16\" width=\"16\" src=\"https:\/\/static.xx.fbcdn.net\/images\/emoji.php\/v9\/t64\/1\/16\/1f91d.png\" alt=\"\ud83e\udd1d\"><br>Dzi\u0119kujemy r\u00f3wnie\u017c Organizatorom za mo\u017cliwo\u015b\u0107 uczestnictwa w 30. Jubileuszu Targ\u00f3w KRAKDENT<img height=\"16\" width=\"16\" src=\"https:\/\/static.xx.fbcdn.net\/images\/emoji.php\/v9\/t26\/1\/16\/1f9b7.png\" alt=\"\ud83e\uddb7\"><\/p>","innerContent":["\n<p class=\" eplus-wrapper\">Po raz kolejny wzi\u0119li\u015bmy udzia\u0142 w najwi\u0119kszej stomatologicznej imprezie targowej w Polsce - <a href=\"https:\/\/www.facebook.com\/targi.krakdent?__cft__[0]=AZXpOyCYzQV-1rgzmmQsps_au5w59UXk500EeybjmknDlMGt3pzL2RtKRodDUNrE_3qFkcr2mximGdLysOZ09_3OvS5bQkGIxS--1ZoLcxHq68ZDaay9SIAlVP3X2K3Da23DqfCmk_ZtxqPLgWx5BZ5OJxP3YI7SVpZyM0HnyqxnpbQbGPmIhKyIW8xBCSbfbel0ZqXbmQ8w55OyyJMrGNjJ&amp;__tn__=-]K-R\">KRAKDENT Mi\u0119dzynarodowe Targi Stomatologiczne<\/a>. By\u0142a to jubileuszowa 30 edycja, kt\u00f3ra odby\u0142a si\u0119 w dniach 11-13 kwietnia w EXPO Krak\u00f3w.<img height=\"16\" width=\"16\" src=\"https:\/\/static.xx.fbcdn.net\/images\/emoji.php\/v9\/t26\/1\/16\/1f9b7.png\" alt=\"\ud83e\uddb7\"> Prezentowane przez nas i <a href=\"https:\/\/www.facebook.com\/dentsplysirona.brasil?__cft__[0]=AZXpOyCYzQV-1rgzmmQsps_au5w59UXk500EeybjmknDlMGt3pzL2RtKRodDUNrE_3qFkcr2mximGdLysOZ09_3OvS5bQkGIxS--1ZoLcxHq68ZDaay9SIAlVP3X2K3Da23DqfCmk_ZtxqPLgWx5BZ5OJxP3YI7SVpZyM0HnyqxnpbQbGPmIhKyIW8xBCSbfbel0ZqXbmQ8w55OyyJMrGNjJ&amp;__tn__=-]K-R\">Dentsply Sirona<\/a> nowo\u015bci cieszy\u0142y si\u0119 du\u017cym zainteresowaniem.<img height=\"16\" width=\"16\" src=\"https:\/\/static.xx.fbcdn.net\/images\/emoji.php\/v9\/ta5\/1\/16\/1f195.png\" alt=\"\ud83c\udd95\"> Dzi\u0119kujemy naszym sta\u0142ym oraz nowym klientom za odwiedzenie naszego stoiska!<img height=\"16\" width=\"16\" src=\"https:\/\/static.xx.fbcdn.net\/images\/emoji.php\/v9\/t64\/1\/16\/1f91d.png\" alt=\"\ud83e\udd1d\"><br>Dzi\u0119kujemy r\u00f3wnie\u017c Organizatorom za mo\u017cliwo\u015b\u0107 uczestnictwa w 30. Jubileuszu Targ\u00f3w KRAKDENT<img height=\"16\" width=\"16\" src=\"https:\/\/static.xx.fbcdn.net\/images\/emoji.php\/v9\/t26\/1\/16\/1f9b7.png\" alt=\"\ud83e\uddb7\"><\/p>\n"]},{"blockName":"core\/image","attrs":{"id":10229,"sizeSlug":"full","linkDestination":"none","align":"center","className":"is-style-default","epAnimationGeneratedClass":"edplus_anim-kPLCFX","epGeneratedClass":"eplus-wrapper"},"innerBlocks":[],"innerHTML":"\n<figure class=\"is-style-default wp-block-image aligncenter size-full eplus-wrapper\"><img src=\"https:\/\/www.skamex.com.pl\/wp-content\/uploads\/2024\/06\/image-8-edited.jpeg\" alt=\"\" class=\"wp-image-10229\"\/><\/figure>\n","innerContent":["\n<figure class=\"is-style-default wp-block-image aligncenter size-full eplus-wrapper\"><img src=\"https:\/\/www.skamex.com.pl\/wp-content\/uploads\/2024\/06\/image-8-edited.jpeg\" alt=\"\" class=\"wp-image-10229\"\/><\/figure>\n"]},{"blockName":"core\/heading","attrs":{"level":4,"epAnimationGeneratedClass":"edplus_anim-33owje","epGeneratedClass":"eplus-wrapper"},"innerBlocks":[],"innerHTML":"\n<h4 class=\"wp-block-heading eplus-wrapper\">ATP Akademickie Targi Pracy w \u0141odzi<\/h4>\n","innerContent":["\n<h4 class=\"wp-block-heading eplus-wrapper\">ATP Akademickie Targi Pracy w \u0141odzi<\/h4>\n"]},{"blockName":"core\/paragraph","attrs":{"epAnimationGeneratedClass":"edplus_anim-ByT3wS","epGeneratedClass":"eplus-wrapper"},"innerBlocks":[],"innerHTML":"\n<p class=\" eplus-wrapper\">W dniu 18 kwietnia wzi\u0119li\u015bmy udzia\u0142 jako wystawcy w <a href=\"https:\/\/www.facebook.com\/ATP.Lodz?__cft__[0]=AZWpeHmN59ZosiWAFqeHJ4Vj1ICQb-8hhCeZGN_I6TIZzWreKSakAuobr7G4IIYE0nxnJG0RT0oj5unjDj7K3OoTiKNF8dGPHLXwpka8l8jwL0l5Axb5Je1J071oApNAcyh0zpreFgEIqbcDBTDY0uB9etf-tIJ6_O2Agr5fFCuf_FqAnS6-9xWvfHOpbyQjdtlCP6KGi8axPtPIx79xprxg&amp;__tn__=-]K-R\">ATP Akademickie Targi Pracy w \u0141odzi<\/a>, kt\u00f3re odby\u0142y si\u0119 w <a href=\"https:\/\/www.facebook.com\/LODZEXPO?__cft__[0]=AZWpeHmN59ZosiWAFqeHJ4Vj1ICQb-8hhCeZGN_I6TIZzWreKSakAuobr7G4IIYE0nxnJG0RT0oj5unjDj7K3OoTiKNF8dGPHLXwpka8l8jwL0l5Axb5Je1J071oApNAcyh0zpreFgEIqbcDBTDY0uB9etf-tIJ6_O2Agr5fFCuf_FqAnS6-9xWvfHOpbyQjdtlCP6KGi8axPtPIx79xprxg&amp;__tn__=-]K-R\">Expo-\u0141\u00f3d\u017a<\/a>. <img height=\"16\" width=\"16\" src=\"https:\/\/static.xx.fbcdn.net\/images\/emoji.php\/v9\/t25\/1\/16\/1f393.png\" alt=\"\ud83c\udf93\"> Ju\u017c po raz kolejny mogli\u015bcie nas spotka\u0107 w dziale medycznym. Cieszymy si\u0119, \u017ce mieli\u015bmy okazj\u0119 pozna\u0107 tylu m\u0142odych ludzi zainteresowanych karier\u0105 u nas. Dzi\u0119kujemy za tak liczne odwiedzanie naszego stoiska.<img height=\"16\" width=\"16\" src=\"https:\/\/static.xx.fbcdn.net\/images\/emoji.php\/v9\/t64\/1\/16\/1f91d.png\" alt=\"\ud83e\udd1d\"><br>Dzi\u0119kujemy naszym Ambasadorom za obecno\u015b\u0107. Spisali\u015bcie si\u0119 na medal! Wasza pomoc okaza\u0142a si\u0119 bezcenna, a reprezentacja naszej firmy na najwy\u017cszym poziomie.<img height=\"16\" width=\"16\" src=\"https:\/\/static.xx.fbcdn.net\/images\/emoji.php\/v9\/tbe\/1\/16\/1f3c6.png\" alt=\"\ud83c\udfc6\"> Organizatorom ATP dzi\u0119kujemy za \u015bwietnie przeprowadzone wydarzenie i zadbanie o ka\u017cdy szczeg\u00f3\u0142.<img height=\"16\" width=\"16\" src=\"https:\/\/static.xx.fbcdn.net\/images\/emoji.php\/v9\/tfe\/1\/16\/1f44f.png\" alt=\"\ud83d\udc4f\"><\/p>\n","innerContent":["\n<p class=\" eplus-wrapper\">W dniu 18 kwietnia wzi\u0119li\u015bmy udzia\u0142 jako wystawcy w <a href=\"https:\/\/www.facebook.com\/ATP.Lodz?__cft__[0]=AZWpeHmN59ZosiWAFqeHJ4Vj1ICQb-8hhCeZGN_I6TIZzWreKSakAuobr7G4IIYE0nxnJG0RT0oj5unjDj7K3OoTiKNF8dGPHLXwpka8l8jwL0l5Axb5Je1J071oApNAcyh0zpreFgEIqbcDBTDY0uB9etf-tIJ6_O2Agr5fFCuf_FqAnS6-9xWvfHOpbyQjdtlCP6KGi8axPtPIx79xprxg&amp;__tn__=-]K-R\">ATP Akademickie Targi Pracy w \u0141odzi<\/a>, kt\u00f3re odby\u0142y si\u0119 w <a href=\"https:\/\/www.facebook.com\/LODZEXPO?__cft__[0]=AZWpeHmN59ZosiWAFqeHJ4Vj1ICQb-8hhCeZGN_I6TIZzWreKSakAuobr7G4IIYE0nxnJG0RT0oj5unjDj7K3OoTiKNF8dGPHLXwpka8l8jwL0l5Axb5Je1J071oApNAcyh0zpreFgEIqbcDBTDY0uB9etf-tIJ6_O2Agr5fFCuf_FqAnS6-9xWvfHOpbyQjdtlCP6KGi8axPtPIx79xprxg&amp;__tn__=-]K-R\">Expo-\u0141\u00f3d\u017a<\/a>. <img height=\"16\" width=\"16\" src=\"https:\/\/static.xx.fbcdn.net\/images\/emoji.php\/v9\/t25\/1\/16\/1f393.png\" alt=\"\ud83c\udf93\"> Ju\u017c po raz kolejny mogli\u015bcie nas spotka\u0107 w dziale medycznym. Cieszymy si\u0119, \u017ce mieli\u015bmy okazj\u0119 pozna\u0107 tylu m\u0142odych ludzi zainteresowanych karier\u0105 u nas. Dzi\u0119kujemy za tak liczne odwiedzanie naszego stoiska.<img height=\"16\" width=\"16\" src=\"https:\/\/static.xx.fbcdn.net\/images\/emoji.php\/v9\/t64\/1\/16\/1f91d.png\" alt=\"\ud83e\udd1d\"><br>Dzi\u0119kujemy naszym Ambasadorom za obecno\u015b\u0107. Spisali\u015bcie si\u0119 na medal! Wasza pomoc okaza\u0142a si\u0119 bezcenna, a reprezentacja naszej firmy na najwy\u017cszym poziomie.<img height=\"16\" width=\"16\" src=\"https:\/\/static.xx.fbcdn.net\/images\/emoji.php\/v9\/tbe\/1\/16\/1f3c6.png\" alt=\"\ud83c\udfc6\"> Organizatorom ATP dzi\u0119kujemy za \u015bwietnie przeprowadzone wydarzenie i zadbanie o ka\u017cdy szczeg\u00f3\u0142.<img height=\"16\" width=\"16\" src=\"https:\/\/static.xx.fbcdn.net\/images\/emoji.php\/v9\/tfe\/1\/16\/1f44f.png\" alt=\"\ud83d\udc4f\"><\/p>\n"]},{"blockName":"core\/gallery","attrs":{"linkTo":"none","align":"center","epAnimationGeneratedClass":"edplus_anim-5kYVIG","epGeneratedClass":"eplus-wrapper"},"innerBlocks":[{"blockName":"core\/image","attrs":{"id":10203,"sizeSlug":"large","linkDestination":"none","epAnimationGeneratedClass":"edplus_anim-iuET5O","epGeneratedClass":"eplus-wrapper"},"innerBlocks":[],"innerHTML":"\n<figure class=\"wp-block-image size-large eplus-wrapper\"><img src=\"https:\/\/www.skamex.com.pl\/wp-content\/uploads\/2024\/06\/image-12-1024x683.jpeg\" alt=\"Mo\u017ce by\u0107 zdj\u0119ciem przedstawiaj\u0105cym 5 os\u00f3b i tekst\" class=\"wp-image-10203\"\/><\/figure>\n","innerContent":["\n<figure class=\"wp-block-image size-large eplus-wrapper\"><img src=\"https:\/\/www.skamex.com.pl\/wp-content\/uploads\/2024\/06\/image-12-1024x683.jpeg\" alt=\"Mo\u017ce by\u0107 zdj\u0119ciem przedstawiaj\u0105cym 5 os\u00f3b i tekst\" class=\"wp-image-10203\"\/><\/figure>\n"]},{"blockName":"core\/image","attrs":{"id":10202,"sizeSlug":"large","linkDestination":"none","epAnimationGeneratedClass":"edplus_anim-8lIoqU","epGeneratedClass":"eplus-wrapper"},"innerBlocks":[],"innerHTML":"\n<figure class=\"wp-block-image size-large eplus-wrapper\"><img src=\"https:\/\/www.skamex.com.pl\/wp-content\/uploads\/2024\/06\/image-11-683x1024.jpeg\" alt=\"Mo\u017ce by\u0107 zdj\u0119ciem przedstawiaj\u0105cym 5 os\u00f3b i tekst\" class=\"wp-image-10202\"\/><\/figure>\n","innerContent":["\n<figure class=\"wp-block-image size-large eplus-wrapper\"><img src=\"https:\/\/www.skamex.com.pl\/wp-content\/uploads\/2024\/06\/image-11-683x1024.jpeg\" alt=\"Mo\u017ce by\u0107 zdj\u0119ciem przedstawiaj\u0105cym 5 os\u00f3b i tekst\" class=\"wp-image-10202\"\/><\/figure>\n"]},{"blockName":"core\/image","attrs":{"id":10201,"sizeSlug":"large","linkDestination":"none","epAnimationGeneratedClass":"edplus_anim-b0YVW0","epGeneratedClass":"eplus-wrapper"},"innerBlocks":[],"innerHTML":"\n<figure class=\"wp-block-image size-large eplus-wrapper\"><img src=\"https:\/\/www.skamex.com.pl\/wp-content\/uploads\/2024\/06\/image-10-1024x683.jpeg\" alt=\"Mo\u017ce by\u0107 zdj\u0119ciem przedstawiaj\u0105cym 7 os\u00f3b, t\u0142um i tekst \u201eSWIETSA WE 0 Miejsce do\u015bwiadczenie \u0142acz\u0105ce ch\u1ec7c \u00a1ch\u0119crozwoju rozwoju \u3068 \u1014\u1000\u1019\u1042 adidas\u201d\" class=\"wp-image-10201\"\/><\/figure>\n","innerContent":["\n<figure class=\"wp-block-image size-large eplus-wrapper\"><img src=\"https:\/\/www.skamex.com.pl\/wp-content\/uploads\/2024\/06\/image-10-1024x683.jpeg\" alt=\"Mo\u017ce by\u0107 zdj\u0119ciem przedstawiaj\u0105cym 7 os\u00f3b, t\u0142um i tekst \u201eSWIETSA WE 0 Miejsce do\u015bwiadczenie \u0142acz\u0105ce ch\u1ec7c \u00a1ch\u0119crozwoju rozwoju \u3068 \u1014\u1000\u1019\u1042 adidas\u201d\" class=\"wp-image-10201\"\/><\/figure>\n"]}],"innerHTML":"\n<figure class=\"wp-block-gallery aligncenter has-nested-images columns-default is-cropped eplus-wrapper\">\n\n\n\n<\/figure>\n","innerContent":["\n<figure class=\"wp-block-gallery aligncenter has-nested-images columns-default is-cropped eplus-wrapper\">",null,"\n\n",null,"\n\n",null,"<\/figure>\n"]},{"blockName":"core\/heading","attrs":{"level":4,"epAnimationGeneratedClass":"edplus_anim-3Xo8CK","epGeneratedClass":"eplus-wrapper"},"innerBlocks":[],"innerHTML":"\n<h4 class=\"wp-block-heading eplus-wrapper\">Urology Boot Camp 2024<\/h4>\n","innerContent":["\n<h4 class=\"wp-block-heading eplus-wrapper\">Urology Boot Camp 2024<\/h4>\n"]},{"blockName":"core\/paragraph","attrs":{"epCustomTypography":{"lineHeight":{"value":"","important":false,"unit":"px"},"fontSize":{"value":"","important":false,"unit":"px"},"letterSpacing":{"value":"","important":false,"unit":"px"},"fontWeight":null,"textStyle":[],"textColor":{"color":"","imp":false},"underline":{"color":"","style":""},"lineThrough":{"color":"","style":""},"textAlignment":"justify"},"epAnimationGeneratedClass":"edplus_anim-kzfUZU","epGeneratedClass":"eplus-wrapper"},"innerBlocks":[],"innerHTML":"<p class=\" eplus-wrapper eplus-styles-uid-24b8d8\">W kwietniu wzi\u0119li\u015bmy udzia\u0142 w warsztatach Urology Boot Camp 2024, kt\u00f3re odby\u0142y si\u0119 w Szpitalu \u015awi\u0119tego \u0141ukasza w Bydgoszczy. To ju\u017c trzecia edycja szkolenia zorganizowanego przez Klinik\u0119 Urologii dla m\u0142odych rezydent\u00f3w urologii. Byli\u015bmy dla nich wsparciem merytorycznym i produktowym przy zabiegu RIRS. <img height=\"16\" width=\"16\" src=\"https:\/\/static.xx.fbcdn.net\/images\/emoji.php\/v9\/t64\/1\/16\/1f91d.png\" alt=\"\ud83e\udd1d\"><br>Dzi\u0119kujemy uczestnikom za obecno\u015b\u0107 i zaanga\u017cowanie. <img height=\"16\" width=\"16\" src=\"https:\/\/static.xx.fbcdn.net\/images\/emoji.php\/v9\/tfe\/1\/16\/1f44f.png\" alt=\"\ud83d\udc4f\"><\/p>","innerContent":["\n<p class=\" eplus-wrapper\">W kwietniu wzi\u0119li\u015bmy udzia\u0142 w warsztatach Urology Boot Camp 2024, kt\u00f3re odby\u0142y si\u0119 w Szpitalu \u015awi\u0119tego \u0141ukasza w Bydgoszczy. To ju\u017c trzecia edycja szkolenia zorganizowanego przez Klinik\u0119 Urologii dla m\u0142odych rezydent\u00f3w urologii. Byli\u015bmy dla nich wsparciem merytorycznym i produktowym przy zabiegu RIRS. <img height=\"16\" width=\"16\" src=\"https:\/\/static.xx.fbcdn.net\/images\/emoji.php\/v9\/t64\/1\/16\/1f91d.png\" alt=\"\ud83e\udd1d\"><br>Dzi\u0119kujemy uczestnikom za obecno\u015b\u0107 i zaanga\u017cowanie. <img height=\"16\" width=\"16\" src=\"https:\/\/static.xx.fbcdn.net\/images\/emoji.php\/v9\/tfe\/1\/16\/1f44f.png\" alt=\"\ud83d\udc4f\"><\/p>\n"]},{"blockName":"core\/gallery","attrs":{"linkTo":"none","align":"center","epAnimationGeneratedClass":"edplus_anim-Z1ULyi","epGeneratedClass":"eplus-wrapper"},"innerBlocks":[{"blockName":"core\/image","attrs":{"id":10205,"sizeSlug":"large","linkDestination":"none","epAnimationGeneratedClass":"edplus_anim-QdfGtW","epGeneratedClass":"eplus-wrapper"},"innerBlocks":[],"innerHTML":"\n<figure class=\"wp-block-image size-large eplus-wrapper\"><img src=\"https:\/\/www.skamex.com.pl\/wp-content\/uploads\/2024\/06\/image-14-1024x768.jpeg\" alt=\"Mo\u017ce by\u0107 zdj\u0119ciem przedstawiaj\u0105cym 1 osoba, szpital i tekst\" class=\"wp-image-10205\"\/><\/figure>\n","innerContent":["\n<figure class=\"wp-block-image size-large eplus-wrapper\"><img src=\"https:\/\/www.skamex.com.pl\/wp-content\/uploads\/2024\/06\/image-14-1024x768.jpeg\" alt=\"Mo\u017ce by\u0107 zdj\u0119ciem przedstawiaj\u0105cym 1 osoba, szpital i tekst\" class=\"wp-image-10205\"\/><\/figure>\n"]},{"blockName":"core\/image","attrs":{"id":10204,"sizeSlug":"large","linkDestination":"none","epAnimationGeneratedClass":"edplus_anim-l6g2MB","epGeneratedClass":"eplus-wrapper"},"innerBlocks":[],"innerHTML":"\n<figure class=\"wp-block-image size-large eplus-wrapper\"><img src=\"https:\/\/www.skamex.com.pl\/wp-content\/uploads\/2024\/06\/image-13-1024x768.jpeg\" alt=\"Mo\u017ce by\u0107 zdj\u0119ciem przedstawiaj\u0105cym 1 osoba i tekst\" class=\"wp-image-10204\"\/><\/figure>\n","innerContent":["\n<figure class=\"wp-block-image size-large eplus-wrapper\"><img src=\"https:\/\/www.skamex.com.pl\/wp-content\/uploads\/2024\/06\/image-13-1024x768.jpeg\" alt=\"Mo\u017ce by\u0107 zdj\u0119ciem przedstawiaj\u0105cym 1 osoba i tekst\" class=\"wp-image-10204\"\/><\/figure>\n"]}],"innerHTML":"\n<figure class=\"wp-block-gallery aligncenter has-nested-images columns-default is-cropped eplus-wrapper\">\n\n<\/figure>\n","innerContent":["\n<figure class=\"wp-block-gallery aligncenter has-nested-images columns-default is-cropped eplus-wrapper\">",null,"\n\n",null,"<\/figure>\n"]},{"blockName":"core\/heading","attrs":{"level":4,"epAnimationGeneratedClass":"edplus_anim-3Dxh4f","epGeneratedClass":"eplus-wrapper"},"innerBlocks":[],"innerHTML":"\n<h4 class=\"wp-block-heading eplus-wrapper\">V Wroc\u0142awskie Sympozjum Piel\u0119gniarek Operacyjnych<\/h4>\n","innerContent":["\n<h4 class=\"wp-block-heading eplus-wrapper\">V Wroc\u0142awskie Sympozjum Piel\u0119gniarek Operacyjnych<\/h4>\n"]},{"blockName":"core\/paragraph","attrs":{"epCustomTypography":{"lineHeight":{"value":"","important":false,"unit":"px"},"fontSize":{"value":"","important":false,"unit":"px"},"letterSpacing":{"value":"","important":false,"unit":"px"},"fontWeight":null,"textStyle":[],"textColor":{"color":"","imp":false},"underline":{"color":"","style":""},"lineThrough":{"color":"","style":""},"textAlignment":"justify"},"epAnimationGeneratedClass":"edplus_anim-AapyxX","epGeneratedClass":"eplus-wrapper"},"innerBlocks":[],"innerHTML":"<p class=\" eplus-wrapper eplus-styles-uid-24b8d8\">W dniach 10-11 maja mieli\u015bmy przyjemno\u015b\u0107 wzi\u0105\u0107 udzia\u0142 jako Partner w V Wroc\u0142awskim Sympozjum Piel\u0119gniarek Operacyjnych organizowanym przez <a href=\"https:\/\/www.facebook.com\/profile.php?id=100064791006105&amp;__cft__%5B0%5D=AZXFK_Ghx5LwLnkeGAshIAYa9wLvMWuBmXvkSUYpfW_5mZ39ZE9uqcQ3C2GxKMhlEbfkVF9nFQwtttg6qf9LejFO3O2Fod3OdP8vst37xQWdDSHAsszpTsgnRiXnMxfrpBtRC4xm2DurV1U8k1yXR1iIdDd7iUKq2p7jxYa3W-cZ_fUKuRBKRFXxv_JVzuwYdhNjHkg7D4-4ZspDB00oUq9w&amp;__tn__=-%5DK-R\">Og\u00f3lnopolskie Stowarzyszenie Instrumentariuszek<\/a> we Wroc\u0142awiu. Tematem konferencji by\u0142o \"Przysz\u0142o\u015b\u0107 Piel\u0119gniarstwa Operacyjnego: Trendy i Perspektywy\". <img height=\"16\" width=\"16\" src=\"https:\/\/static.xx.fbcdn.net\/images\/emoji.php\/v9\/tc3\/1\/16\/1fa7a.png\" alt=\"\ud83e\ude7a\"><br>Na naszym stoisku zaprezentowali\u015bmy r\u00f3\u017cnorodny asortyment z zakresu chirurgii, m.in. r\u0119kawice diagnostyczne, chirurgiczne, jednorazowe ko\u0144c\u00f3wki do odsysania, maski dla brodaczy czy czepki typu beret. Dzi\u0119kujemy Uczestnikom za odwiedziny i zainteresowanie prezentowanymi produktami. <img height=\"16\" width=\"16\" src=\"https:\/\/static.xx.fbcdn.net\/images\/emoji.php\/v9\/t64\/1\/16\/1f91d.png\" alt=\"\ud83e\udd1d\"><br><\/p>","innerContent":["\n<p class=\" eplus-wrapper\">W dniach 10-11 maja mieli\u015bmy przyjemno\u015b\u0107 wzi\u0105\u0107 udzia\u0142 jako Partner w V Wroc\u0142awskim Sympozjum Piel\u0119gniarek Operacyjnych organizowanym przez <a href=\"https:\/\/www.facebook.com\/profile.php?id=100064791006105&amp;__cft__[0]=AZXFK_Ghx5LwLnkeGAshIAYa9wLvMWuBmXvkSUYpfW_5mZ39ZE9uqcQ3C2GxKMhlEbfkVF9nFQwtttg6qf9LejFO3O2Fod3OdP8vst37xQWdDSHAsszpTsgnRiXnMxfrpBtRC4xm2DurV1U8k1yXR1iIdDd7iUKq2p7jxYa3W-cZ_fUKuRBKRFXxv_JVzuwYdhNjHkg7D4-4ZspDB00oUq9w&amp;__tn__=-]K-R\">Og\u00f3lnopolskie Stowarzyszenie Instrumentariuszek<\/a> we Wroc\u0142awiu. Tematem konferencji by\u0142o \"Przysz\u0142o\u015b\u0107 Piel\u0119gniarstwa Operacyjnego: Trendy i Perspektywy\". <img height=\"16\" width=\"16\" src=\"https:\/\/static.xx.fbcdn.net\/images\/emoji.php\/v9\/tc3\/1\/16\/1fa7a.png\" alt=\"\ud83e\ude7a\"><br>Na naszym stoisku zaprezentowali\u015bmy r\u00f3\u017cnorodny asortyment z zakresu chirurgii, m.in. r\u0119kawice diagnostyczne, chirurgiczne, jednorazowe ko\u0144c\u00f3wki do odsysania, maski dla brodaczy czy czepki typu beret. Dzi\u0119kujemy Uczestnikom za odwiedziny i zainteresowanie prezentowanymi produktami. <img height=\"16\" width=\"16\" src=\"https:\/\/static.xx.fbcdn.net\/images\/emoji.php\/v9\/t64\/1\/16\/1f91d.png\" alt=\"\ud83e\udd1d\"><br><\/p>\n"]},{"blockName":"core\/gallery","attrs":{"linkTo":"none","epAnimationGeneratedClass":"edplus_anim-zT0yxb","epGeneratedClass":"eplus-wrapper"},"innerBlocks":[{"blockName":"core\/image","attrs":{"id":10207,"sizeSlug":"large","linkDestination":"none","epAnimationGeneratedClass":"edplus_anim-2N90FT","epGeneratedClass":"eplus-wrapper"},"innerBlocks":[],"innerHTML":"\n<figure class=\"wp-block-image size-large eplus-wrapper\"><img src=\"https:\/\/www.skamex.com.pl\/wp-content\/uploads\/2024\/06\/image-16-1024x768.jpeg\" alt=\"Mo\u017ce by\u0107 zdj\u0119ciem przedstawiaj\u0105cym 5 os\u00f3b i tekst \u201eJako\u015b\u0107 bezpiecze\u0144stwo enstwo trasce bezpie skamex P \u0dad\u0dd2\u0db8 \ubcf4\u201d\" class=\"wp-image-10207\"\/><\/figure>\n","innerContent":["\n<figure class=\"wp-block-image size-large eplus-wrapper\"><img src=\"https:\/\/www.skamex.com.pl\/wp-content\/uploads\/2024\/06\/image-16-1024x768.jpeg\" alt=\"Mo\u017ce by\u0107 zdj\u0119ciem przedstawiaj\u0105cym 5 os\u00f3b i tekst \u201eJako\u015b\u0107 bezpiecze\u0144stwo enstwo trasce bezpie skamex P \u0dad\u0dd2\u0db8 \ubcf4\u201d\" class=\"wp-image-10207\"\/><\/figure>\n"]},{"blockName":"core\/image","attrs":{"id":10206,"sizeSlug":"large","linkDestination":"none","epAnimationGeneratedClass":"edplus_anim-3INIfS","epGeneratedClass":"eplus-wrapper"},"innerBlocks":[],"innerHTML":"\n<figure class=\"wp-block-image size-large eplus-wrapper\"><img src=\"https:\/\/www.skamex.com.pl\/wp-content\/uploads\/2024\/06\/image-15-1024x768.jpeg\" alt=\"Mo\u017ce by\u0107 zdj\u0119ciem przedstawiaj\u0105cym 4 osoby i tekst\" class=\"wp-image-10206\"\/><\/figure>\n","innerContent":["\n<figure class=\"wp-block-image size-large eplus-wrapper\"><img src=\"https:\/\/www.skamex.com.pl\/wp-content\/uploads\/2024\/06\/image-15-1024x768.jpeg\" alt=\"Mo\u017ce by\u0107 zdj\u0119ciem przedstawiaj\u0105cym 4 osoby i tekst\" class=\"wp-image-10206\"\/><\/figure>\n"]}],"innerHTML":"\n<figure class=\"wp-block-gallery has-nested-images columns-default is-cropped eplus-wrapper\">\n\n<\/figure>\n","innerContent":["\n<figure class=\"wp-block-gallery has-nested-images columns-default is-cropped eplus-wrapper\">",null,"\n\n",null,"<\/figure>\n"]},{"blockName":"core\/heading","attrs":{"level":4,"epAnimationGeneratedClass":"edplus_anim-BBhyJu","epGeneratedClass":"eplus-wrapper"},"innerBlocks":[],"innerHTML":"\n<h4 class=\"wp-block-heading eplus-wrapper\">XXIII Konferencja Naukowo - Szkoleniowej \u015al\u0105skiego Oddzia\u0142u PTPAiIO<\/h4>\n","innerContent":["\n<h4 class=\"wp-block-heading eplus-wrapper\">XXIII Konferencja Naukowo - Szkoleniowej \u015al\u0105skiego Oddzia\u0142u PTPAiIO<\/h4>\n"]},{"blockName":"core\/paragraph","attrs":{"epCustomTypography":{"lineHeight":{"value":"","important":false,"unit":"px"},"fontSize":{"value":"","important":false,"unit":"px"},"letterSpacing":{"value":"","important":false,"unit":"px"},"fontWeight":null,"textStyle":[],"textColor":{"color":"","imp":false},"underline":{"color":"","style":""},"lineThrough":{"color":"","style":""},"textAlignment":"justify"},"epAnimationGeneratedClass":"edplus_anim-Xz9mUY","epGeneratedClass":"eplus-wrapper"},"innerBlocks":[],"innerHTML":"<p class=\" eplus-wrapper eplus-styles-uid-24b8d8\">W dniach 23-25 maja wzi\u0119li\u015bmy udzia\u0142 w XXIII Konferencji Naukowo - Szkoleniowej \u015al\u0105skiego Oddzia\u0142u <a href=\"https:\/\/www.facebook.com\/PTPAiIO2023?__cft__%5B0%5D=AZUl7OtA5Hk2pke5B5oTUlr8zaMqVY0Z-tk5LJKVDlT3wtAA2A428gzhktJsHXnkO3W1h8wlcSrHfLbgJRWCmErCY-W8O4zG9fsihlCmyzGrHHiQXEflsIGLrCeAH-ZdxpqAuba2ZCMJKx80j_jO-XboBNbQXKOHq0YEwbLYzS7zl0HF-T9vOoSq38G5rdFyibOYvQXpySzZKl5LxInTrh8E&amp;__tn__=-%5DK-R\">Polskie Towarzystwo Piel\u0119gniarek Anestezjologicznych i Intensywnej Opieki<\/a>, zorganizowanej przez <a href=\"https:\/\/www.facebook.com\/medspace.konferencje?__cft__%5B0%5D=AZUl7OtA5Hk2pke5B5oTUlr8zaMqVY0Z-tk5LJKVDlT3wtAA2A428gzhktJsHXnkO3W1h8wlcSrHfLbgJRWCmErCY-W8O4zG9fsihlCmyzGrHHiQXEflsIGLrCeAH-ZdxpqAuba2ZCMJKx80j_jO-XboBNbQXKOHq0YEwbLYzS7zl0HF-T9vOoSq38G5rdFyibOYvQXpySzZKl5LxInTrh8E&amp;__tn__=-%5DK-R\">MED SPACE<\/a>. Tematem przewodnim tegorocznej edycji by\u0142a \"Aktualna rzeczywisto\u015b\u0107 w piel\u0119gniarstwie anestezjologicznym i intensywnej opiece\". <img height=\"16\" width=\"16\" src=\"https:\/\/static.xx.fbcdn.net\/images\/emoji.php\/v9\/tc3\/1\/16\/1fa7a.png\" alt=\"\ud83e\ude7a\"><\/p>","innerContent":["\n<p class=\" eplus-wrapper\">W dniach 23-25 maja wzi\u0119li\u015bmy udzia\u0142 w XXIII Konferencji Naukowo - Szkoleniowej \u015al\u0105skiego Oddzia\u0142u <a href=\"https:\/\/www.facebook.com\/PTPAiIO2023?__cft__[0]=AZUl7OtA5Hk2pke5B5oTUlr8zaMqVY0Z-tk5LJKVDlT3wtAA2A428gzhktJsHXnkO3W1h8wlcSrHfLbgJRWCmErCY-W8O4zG9fsihlCmyzGrHHiQXEflsIGLrCeAH-ZdxpqAuba2ZCMJKx80j_jO-XboBNbQXKOHq0YEwbLYzS7zl0HF-T9vOoSq38G5rdFyibOYvQXpySzZKl5LxInTrh8E&amp;__tn__=-]K-R\">Polskie Towarzystwo Piel\u0119gniarek Anestezjologicznych i Intensywnej Opieki<\/a>, zorganizowanej przez <a href=\"https:\/\/www.facebook.com\/medspace.konferencje?__cft__[0]=AZUl7OtA5Hk2pke5B5oTUlr8zaMqVY0Z-tk5LJKVDlT3wtAA2A428gzhktJsHXnkO3W1h8wlcSrHfLbgJRWCmErCY-W8O4zG9fsihlCmyzGrHHiQXEflsIGLrCeAH-ZdxpqAuba2ZCMJKx80j_jO-XboBNbQXKOHq0YEwbLYzS7zl0HF-T9vOoSq38G5rdFyibOYvQXpySzZKl5LxInTrh8E&amp;__tn__=-]K-R\">MED SPACE<\/a>. Tematem przewodnim tegorocznej edycji by\u0142a \"Aktualna rzeczywisto\u015b\u0107 w piel\u0119gniarstwie anestezjologicznym i intensywnej opiece\". <img height=\"16\" width=\"16\" src=\"https:\/\/static.xx.fbcdn.net\/images\/emoji.php\/v9\/tc3\/1\/16\/1fa7a.png\" alt=\"\ud83e\ude7a\"><\/p>\n"]},{"blockName":"core\/paragraph","attrs":{"epCustomTypography":{"lineHeight":{"value":"","important":false,"unit":"px"},"fontSize":{"value":"","important":false,"unit":"px"},"letterSpacing":{"value":"","important":false,"unit":"px"},"fontWeight":null,"textStyle":[],"textColor":{"color":"","imp":false},"underline":{"color":"","style":""},"lineThrough":{"color":"","style":""},"textAlignment":"justify"},"epAnimationGeneratedClass":"edplus_anim-19rKoI","epGeneratedClass":"eplus-wrapper"},"innerBlocks":[],"innerHTML":"<p class=\" eplus-wrapper eplus-styles-uid-24b8d8\">Mieli\u015bmy wsp\u00f3lne stoisko z firm\u0105 <a href=\"https:\/\/www.facebook.com\/StrykerSage?__cft__%5B0%5D=AZUl7OtA5Hk2pke5B5oTUlr8zaMqVY0Z-tk5LJKVDlT3wtAA2A428gzhktJsHXnkO3W1h8wlcSrHfLbgJRWCmErCY-W8O4zG9fsihlCmyzGrHHiQXEflsIGLrCeAH-ZdxpqAuba2ZCMJKx80j_jO-XboBNbQXKOHq0YEwbLYzS7zl0HF-T9vOoSq38G5rdFyibOYvQXpySzZKl5LxInTrh8E&amp;__tn__=-%5DK-R\">Stryker Sage<\/a>, kt\u00f3rej produkty s\u0105 dost\u0119pne w naszej ofercie. Podczas konferencji mogli\u015bmy je zaprezentowa\u0107 <a><\/a>odwiedzaj\u0105cym.<\/p>","innerContent":["\n<p class=\" eplus-wrapper\">Mieli\u015bmy wsp\u00f3lne stoisko z firm\u0105 <a href=\"https:\/\/www.facebook.com\/StrykerSage?__cft__[0]=AZUl7OtA5Hk2pke5B5oTUlr8zaMqVY0Z-tk5LJKVDlT3wtAA2A428gzhktJsHXnkO3W1h8wlcSrHfLbgJRWCmErCY-W8O4zG9fsihlCmyzGrHHiQXEflsIGLrCeAH-ZdxpqAuba2ZCMJKx80j_jO-XboBNbQXKOHq0YEwbLYzS7zl0HF-T9vOoSq38G5rdFyibOYvQXpySzZKl5LxInTrh8E&amp;__tn__=-]K-R\">Stryker Sage<\/a>, kt\u00f3rej produkty s\u0105 dost\u0119pne w naszej ofercie. Podczas konferencji mogli\u015bmy je zaprezentowa\u0107 <a><\/a>odwiedzaj\u0105cym.<\/p>\n"]},{"blockName":"core\/paragraph","attrs":{"epAnimationGeneratedClass":"edplus_anim-rdj36I","epGeneratedClass":"eplus-wrapper"},"innerBlocks":[],"innerHTML":"\n<p class=\" eplus-wrapper\">Dzi\u0119kujemy za tak du\u017ce zainteresowaniem naszym stoiskiem! <img height=\"16\" width=\"16\" src=\"https:\/\/static.xx.fbcdn.net\/images\/emoji.php\/v9\/t64\/1\/16\/1f91d.png\" alt=\"\ud83e\udd1d\"><\/p>\n","innerContent":["\n<p class=\" eplus-wrapper\">Dzi\u0119kujemy za tak du\u017ce zainteresowaniem naszym stoiskiem! <img height=\"16\" width=\"16\" src=\"https:\/\/static.xx.fbcdn.net\/images\/emoji.php\/v9\/t64\/1\/16\/1f91d.png\" alt=\"\ud83e\udd1d\"><\/p>\n"]},{"blockName":"core\/gallery","attrs":{"linkTo":"none","epAnimationGeneratedClass":"edplus_anim-d7dPRG","epGeneratedClass":"eplus-wrapper"},"innerBlocks":[{"blockName":"core\/image","attrs":{"id":10382,"sizeSlug":"large","linkDestination":"none","epAnimationGeneratedClass":"edplus_anim-2O0p35","epGeneratedClass":"eplus-wrapper"},"innerBlocks":[],"innerHTML":"\n<figure class=\"wp-block-image size-large eplus-wrapper\"><img src=\"https:\/\/www.skamex.com.pl\/wp-content\/uploads\/2024\/06\/IMG-20240523-WA0008-1024x768.jpg\" alt=\"\" class=\"wp-image-10382\"\/><\/figure>\n","innerContent":["\n<figure class=\"wp-block-image size-large eplus-wrapper\"><img src=\"https:\/\/www.skamex.com.pl\/wp-content\/uploads\/2024\/06\/IMG-20240523-WA0008-1024x768.jpg\" alt=\"\" class=\"wp-image-10382\"\/><\/figure>\n"]},{"blockName":"core\/image","attrs":{"id":10383,"sizeSlug":"large","linkDestination":"none","epAnimationGeneratedClass":"edplus_anim-lA5hP0","epGeneratedClass":"eplus-wrapper"},"innerBlocks":[],"innerHTML":"\n<figure class=\"wp-block-image size-large eplus-wrapper\"><img src=\"https:\/\/www.skamex.com.pl\/wp-content\/uploads\/2024\/06\/20240523_150553-1024x462.jpg\" alt=\"\" class=\"wp-image-10383\"\/><\/figure>\n","innerContent":["\n<figure class=\"wp-block-image size-large eplus-wrapper\"><img src=\"https:\/\/www.skamex.com.pl\/wp-content\/uploads\/2024\/06\/20240523_150553-1024x462.jpg\" alt=\"\" class=\"wp-image-10383\"\/><\/figure>\n"]}],"innerHTML":"\n<figure class=\"wp-block-gallery has-nested-images columns-default is-cropped eplus-wrapper\">\n\n<\/figure>\n","innerContent":["\n<figure class=\"wp-block-gallery has-nested-images columns-default is-cropped eplus-wrapper\">",null,"\n\n",null,"<\/figure>\n"]},{"blockName":"core\/heading","attrs":{"level":4,"epAnimationGeneratedClass":"edplus_anim-oIc4Xc","epGeneratedClass":"eplus-wrapper"},"innerBlocks":[],"innerHTML":"\n<h4 class=\"wp-block-heading eplus-wrapper\">III Forum Piel\u0119gniarstwa Anestezjologicznego w Zakopanem<\/h4>\n","innerContent":["\n<h4 class=\"wp-block-heading eplus-wrapper\">III Forum Piel\u0119gniarstwa Anestezjologicznego w Zakopanem<\/h4>\n"]},{"blockName":"core\/paragraph","attrs":{"epCustomTypography":{"lineHeight":{"value":"","important":false,"unit":"px"},"fontSize":{"value":"","important":false,"unit":"px"},"letterSpacing":{"value":"","important":false,"unit":"px"},"fontWeight":null,"textStyle":[],"textColor":{"color":"","imp":false},"underline":{"color":"","style":""},"lineThrough":{"color":"","style":""},"textAlignment":"justify"},"epAnimationGeneratedClass":"edplus_anim-YXgTTK","epGeneratedClass":"eplus-wrapper"},"innerBlocks":[],"innerHTML":"<p class=\" eplus-wrapper eplus-styles-uid-24b8d8\">W dniach 5-7 czerwca odby\u0142o si\u0119 III Forum Piel\u0119gniarstwa Anestezjologicznego w Zakopanem. Frekwencja, jak na ka\u017cdej edycji tego wydarzenia, by\u0142a znakomita. Nasze stoisko cieszy\u0142o si\u0119 ogromnym zainteresowaniem, za co serdecznie dzi\u0119kujemy wszystkim odwiedzaj\u0105cym. <img height=\"16\" width=\"16\" alt=\"\ud83e\udd1d\" src=\"https:\/\/static.xx.fbcdn.net\/images\/emoji.php\/v9\/t64\/1\/16\/1f91d.png\"><\/p>","innerContent":["\n<p class=\" eplus-wrapper\">W dniach 5-7 czerwca odby\u0142o si\u0119 III Forum Piel\u0119gniarstwa Anestezjologicznego w Zakopanem. Frekwencja, jak na ka\u017cdej edycji tego wydarzenia, by\u0142a znakomita. Nasze stoisko cieszy\u0142o si\u0119 ogromnym zainteresowaniem, za co serdecznie dzi\u0119kujemy wszystkim odwiedzaj\u0105cym. <img height=\"16\" width=\"16\" alt=\"\ud83e\udd1d\" src=\"https:\/\/static.xx.fbcdn.net\/images\/emoji.php\/v9\/t64\/1\/16\/1f91d.png\"><\/p>\n"]},{"blockName":"core\/paragraph","attrs":{"epCustomTypography":{"lineHeight":{"value":"","important":false,"unit":"px"},"fontSize":{"value":"","important":false,"unit":"px"},"letterSpacing":{"value":"","important":false,"unit":"px"},"fontWeight":null,"textStyle":[],"textColor":{"color":"","imp":false},"underline":{"color":"","style":""},"lineThrough":{"color":"","style":""},"textAlignment":"justify"},"epAnimationGeneratedClass":"edplus_anim-CTgrZH","epGeneratedClass":"eplus-wrapper"},"innerBlocks":[],"innerHTML":"<p class=\" eplus-wrapper eplus-styles-uid-24b8d8\">Dodatkowo mieli\u015bmy okazj\u0119 wsp\u00f3lnie z firm\u0105 <a href=\"https:\/\/www.facebook.com\/StrykerSage?__cft__%5B0%5D=AZWNUKbfkFsv4B1Iz_-T7CMFdH4SiN5kfkqodwXnC-fH1XsV_uKpOS_wm22FB9KphmMshKoa3Dcm8Fk1JJ6ZwiDEf0ru0fC8uno2eBoW2fEjiZnWTFXSug4wiMmaJKurgVAQLt_eElIT5sA5A37O9GwAoOTqxxD3I79cXiktwgSNwpO1d0E6A8YLwjNHorbxbRnDpt-5Q04iiwdcxqyEZBPJ&amp;__tn__=-%5DK-R\">Stryker Sage<\/a> przeprowadzi\u0107 warsztaty zwi\u0105zane z ergonomi\u0105 pracy personelu medycznego, prewencji uraz\u00f3w oraz repozycjonowania pacjenta i zapobieganiu odle\u017cynom. <img height=\"16\" width=\"16\" src=\"https:\/\/static.xx.fbcdn.net\/images\/emoji.php\/v9\/t94\/1\/16\/1f469_200d_1f3eb.png\" alt=\"\ud83d\udc69\u200d\ud83c\udfeb\"><\/p>","innerContent":["\n<p class=\" eplus-wrapper\">Dodatkowo mieli\u015bmy okazj\u0119 wsp\u00f3lnie z firm\u0105 <a href=\"https:\/\/www.facebook.com\/StrykerSage?__cft__[0]=AZWNUKbfkFsv4B1Iz_-T7CMFdH4SiN5kfkqodwXnC-fH1XsV_uKpOS_wm22FB9KphmMshKoa3Dcm8Fk1JJ6ZwiDEf0ru0fC8uno2eBoW2fEjiZnWTFXSug4wiMmaJKurgVAQLt_eElIT5sA5A37O9GwAoOTqxxD3I79cXiktwgSNwpO1d0E6A8YLwjNHorbxbRnDpt-5Q04iiwdcxqyEZBPJ&amp;__tn__=-]K-R\">Stryker Sage<\/a> przeprowadzi\u0107 warsztaty zwi\u0105zane z ergonomi\u0105 pracy personelu medycznego, prewencji uraz\u00f3w oraz repozycjonowania pacjenta i zapobieganiu odle\u017cynom. <img height=\"16\" width=\"16\" src=\"https:\/\/static.xx.fbcdn.net\/images\/emoji.php\/v9\/t94\/1\/16\/1f469_200d_1f3eb.png\" alt=\"\ud83d\udc69\u200d\ud83c\udfeb\"><\/p>\n"]},{"blockName":"acf\/photo-carousel","attrs":{"name":"acf\/photo-carousel","data":{"title_heading_text":"","_title_heading_text":"field_638627ccced84","title_heading_level":"h2","_title_heading_level":"field_638627e7ced85","title_heading_variant":"default","_title_heading_variant":"field_63862847ced86","title_heading_label":"","_title_heading_label":"field_650829b8c4d71","title_extra_classes":"","_title_extra_classes":"field_638628eeced88","title_color_variant":"","_title_color_variant":"field_650c0d2875fae","title":"","_title":"field_651ac74a829e5","images":["11428","11427","11426"],"_images":"field_651ac44f9af00"},"mode":"preview"},"innerBlocks":[],"innerHTML":"","innerContent":[]},{"blockName":"core\/heading","attrs":{"level":4,"epAnimationGeneratedClass":"edplus_anim-Cjuf4D","epGeneratedClass":"eplus-wrapper"},"innerBlocks":[],"innerHTML":"\n<h4 class=\"wp-block-heading eplus-wrapper\">XV Jubileuszowa Dolno\u015bl\u0105ska Konferencja Szkoleniowo-Naukowa Piel\u0119gniarek i Po\u0142o\u017cnych Onkologicznych<\/h4>\n","innerContent":["\n<h4 class=\"wp-block-heading eplus-wrapper\">XV Jubileuszowa Dolno\u015bl\u0105ska Konferencja Szkoleniowo-Naukowa Piel\u0119gniarek i Po\u0142o\u017cnych Onkologicznych<\/h4>\n"]},{"blockName":"core\/paragraph","attrs":{"epCustomTypography":{"lineHeight":{"value":"","important":false,"unit":"px"},"fontSize":{"value":"","important":false,"unit":"px"},"letterSpacing":{"value":"","important":false,"unit":"px"},"fontWeight":null,"textStyle":[],"textColor":{"color":"","imp":false},"underline":{"color":"","style":""},"lineThrough":{"color":"","style":""},"textAlignment":"justify"},"epAnimationGeneratedClass":"edplus_anim-ZTeKRD","epGeneratedClass":"eplus-wrapper"},"innerBlocks":[],"innerHTML":"<p class=\" eplus-wrapper eplus-styles-uid-24b8d8\">W czerwcu nie zwalniamy tempa. W dniach 14-15 czerwca brali\u015bmy udzia\u0142 w XV Jubileuszowej Dolno\u015bl\u0105skiej Konferencji Szkoleniowo-Naukowej Piel\u0119gniarek i Po\u0142o\u017cnych Onkologicznych. Ju\u017c od wielu lat jeste\u015bmy wystawc\u0105 na tym wydarzeniu. W tym roku konferencja odby\u0142a si\u0119 w Piechowicach. <img height=\"16\" width=\"16\" alt=\"\ud83e\ude7a\" src=\"https:\/\/static.xx.fbcdn.net\/images\/emoji.php\/v9\/tc3\/1\/16\/1fa7a.png\"><\/p>","innerContent":["\n<p class=\" eplus-wrapper\">W czerwcu nie zwalniamy tempa. W dniach 14-15 czerwca brali\u015bmy udzia\u0142 w XV Jubileuszowej Dolno\u015bl\u0105skiej Konferencji Szkoleniowo-Naukowej Piel\u0119gniarek i Po\u0142o\u017cnych Onkologicznych. Ju\u017c od wielu lat jeste\u015bmy wystawc\u0105 na tym wydarzeniu. W tym roku konferencja odby\u0142a si\u0119 w Piechowicach. <img height=\"16\" width=\"16\" alt=\"\ud83e\ude7a\" src=\"https:\/\/static.xx.fbcdn.net\/images\/emoji.php\/v9\/tc3\/1\/16\/1fa7a.png\"><\/p>\n"]},{"blockName":"core\/paragraph","attrs":{"epAnimationGeneratedClass":"edplus_anim-8Mx125","epGeneratedClass":"eplus-wrapper"},"innerBlocks":[],"innerHTML":"\n<p class=\" eplus-wrapper\">Cieszymy si\u0119, \u017ce uczestnicy tak licznie odwiedzili nasze stoisko! <img height=\"16\" width=\"16\" src=\"https:\/\/static.xx.fbcdn.net\/images\/emoji.php\/v9\/t64\/1\/16\/1f91d.png\" alt=\"\ud83e\udd1d\"><\/p>\n","innerContent":["\n<p class=\" eplus-wrapper\">Cieszymy si\u0119, \u017ce uczestnicy tak licznie odwiedzili nasze stoisko! <img height=\"16\" width=\"16\" src=\"https:\/\/static.xx.fbcdn.net\/images\/emoji.php\/v9\/t64\/1\/16\/1f91d.png\" alt=\"\ud83e\udd1d\"><\/p>\n"]},{"blockName":"acf\/image","attrs":{"name":"acf\/image","data":{"image":11429,"_image":"field_642686ed613f8"},"align":"center","mode":"preview"},"innerBlocks":[],"innerHTML":"","innerContent":[]}],"meta_data":{"toc_selected_heading_levels":["h4"],"toc_enabled":true},"featured_image":false,"main_category":{"name":"Wydarzenia"},"prev_page":{"slug":"potencjalne-korzysci-dla-pracownikow-ochrony-zdrowia-i-pacjentow-ze-stosowania-skladnikow-wyciagu-z-owsa-umieszczonych-w-wewnetrznej-warstwie-rekawic-nitrylowych"},"next_page":{"slug":"kolory-rekawiczek-jakie-maja-znaczenie-jakie-wybrac"},"_links":{"self":[{"href":"https:\/\/www.skamex.com.pl\/index.php\/wp-json\/wp\/v2\/posts\/10181","targetHints":{"allow":["GET"]}}],"collection":[{"href":"https:\/\/www.skamex.com.pl\/index.php\/wp-json\/wp\/v2\/posts"}],"about":[{"href":"https:\/\/www.skamex.com.pl\/index.php\/wp-json\/wp\/v2\/types\/post"}],"author":[{"embeddable":true,"href":"https:\/\/www.skamex.com.pl\/index.php\/wp-json\/wp\/v2\/users\/5"}],"replies":[{"embeddable":true,"href":"https:\/\/www.skamex.com.pl\/index.php\/wp-json\/wp\/v2\/comments?post=10181"}],"version-history":[{"count":37,"href":"https:\/\/www.skamex.com.pl\/index.php\/wp-json\/wp\/v2\/posts\/10181\/revisions"}],"predecessor-version":[{"id":13540,"href":"https:\/\/www.skamex.com.pl\/index.php\/wp-json\/wp\/v2\/posts\/10181\/revisions\/13540"}],"wp:attachment":[{"href":"https:\/\/www.skamex.com.pl\/index.php\/wp-json\/wp\/v2\/media?parent=10181"}],"wp:term":[{"taxonomy":"category","embeddable":true,"href":"https:\/\/www.skamex.com.pl\/index.php\/wp-json\/wp\/v2\/categories?post=10181"},{"taxonomy":"post_tag","embeddable":true,"href":"https:\/\/www.skamex.com.pl\/index.php\/wp-json\/wp\/v2\/tags?post=10181"}],"curies":[{"name":"wp","href":"https:\/\/api.w.org\/{rel}","templated":true}]}}